{"id":945,"date":"2016-09-30T11:33:04","date_gmt":"2016-09-30T11:33:04","guid":{"rendered":"http:\/\/www.vaku-dsgn.pl\/blog\/?p=945"},"modified":"2018-08-20T12:31:40","modified_gmt":"2018-08-20T12:31:40","slug":"urzadzamy-szlachetne-wnetrze-w-czerni-i-zlocie","status":"publish","type":"post","link":"https:\/\/vaku-dsgn.pl\/blog\/urzadzamy-szlachetne-wnetrze-w-czerni-i-zlocie\/","title":{"rendered":"Urz\u0105dzamy szlachetne wn\u0119trze w czerni i z\u0142ocie"},"content":{"rendered":"<p style=\"text-align: justify;\">Z\u0142oto to synonim bogactwa, czer\u0144 za\u015b &#8211; elegancji. Te dwa kolory w po\u0142\u0105czeniu ze sob\u0105 tworz\u0105 pewn\u0105 szlachetn\u0105 kompozycj\u0119, kt\u00f3rej nie spos\u00f3b odm\u00f3wi\u0107 tego atrybutu. Dlaczego te dwie barwy tak dobrze si\u0119 uzupe\u0142niaj\u0105? Czer\u0144 eksponuje migotliwo\u015b\u0107 z\u0142ota, wycisza za to jego prza\u015bno\u015b\u0107. Z\u0142oto pozbawia czerni ponuro\u015bci\u00a0i monotonno\u015bci &#8211; dodaje za\u015b zmys\u0142owo\u015bci i tajemnicy. Duet ten stanowi \u015bwietn\u0105 alternatyw\u0119 dla jasnych, skandynawskich wn\u0119trz, kt\u00f3re obecnie poch\u0142on\u0119\u0142y wn\u0119trzarski rynek.<\/p>\n<p style=\"text-align: justify;\"><a href=\"http:\/\/www.vaku-dsgn.pl\/blog\/wp-content\/uploads\/2016\/09\/01.jpg\" data-rel=\"lightbox-gallery-0\" data-rl_title=\"\" data-rl_caption=\"\"><img loading=\"lazy\" class=\"aligncenter wp-image-948 size-full\" title=\"\" src=\"http:\/\/www.vaku-dsgn.pl\/blog\/wp-content\/uploads\/2016\/09\/01.jpg\" alt=\"wn\u0119trze - czer\u0144 i z\u0142oto\" width=\"1440\" height=\"1080\" srcset=\"https:\/\/vaku-dsgn.pl\/blog\/wp-content\/uploads\/2016\/09\/01.jpg 1440w, https:\/\/vaku-dsgn.pl\/blog\/wp-content\/uploads\/2016\/09\/01-300x225.jpg 300w, https:\/\/vaku-dsgn.pl\/blog\/wp-content\/uploads\/2016\/09\/01-768x576.jpg 768w, https:\/\/vaku-dsgn.pl\/blog\/wp-content\/uploads\/2016\/09\/01-1024x768.jpg 1024w, https:\/\/vaku-dsgn.pl\/blog\/wp-content\/uploads\/2016\/09\/01-973x730.jpg 973w, https:\/\/vaku-dsgn.pl\/blog\/wp-content\/uploads\/2016\/09\/01-508x381.jpg 508w\" sizes=\"(max-width: 1440px) 100vw, 1440px\" \/><\/a><\/p>\n<p style=\"text-align: justify;\">Czer\u0144 i z\u0142oto to kolory idealne do wn\u0119trz w stylu Glamour. Przewrotnie &#8211; bo przy pewnej dozie minimalizmu &#8211; potrafi\u0105 wyczarowa\u0107 wysmakowane wn\u0119trze w bardzo luksusowym stylu.\u00a0Na czer\u0144 i z\u0142oto mo\u017cna odnale\u017a\u0107 patent r\u00f3wnie\u017c w nowoczesnych wn\u0119trzach. Dowodem na to niech b\u0119dzie designerska sofa z czarnym obiciem i stolik kawowy w odcieniu miedzianego z\u0142ota. Kompozycja uzupe\u0142niona zosta\u0142a o jak\u017ce modne biele, szaro\u015bci oraz drewno. Ca\u0142o\u015b\u0107 tworzy sp\u00f3jny obrazek, o kt\u00f3rym mo\u017cemy pomarzy\u0107 we w\u0142asnym salonie.<\/p>\n<p style=\"text-align: justify;\"><a href=\"http:\/\/www.vaku-dsgn.pl\/blog\/wp-content\/uploads\/2016\/09\/02.jpg\" data-rel=\"lightbox-gallery-0\" data-rl_title=\"\" data-rl_caption=\"\"><img loading=\"lazy\" class=\"aligncenter wp-image-949 size-full\" title=\"\" src=\"http:\/\/www.vaku-dsgn.pl\/blog\/wp-content\/uploads\/2016\/09\/02.jpg\" alt=\"Dodatki - z\u0142oto i czer\u0144\" width=\"1440\" height=\"720\" srcset=\"https:\/\/vaku-dsgn.pl\/blog\/wp-content\/uploads\/2016\/09\/02.jpg 1440w, https:\/\/vaku-dsgn.pl\/blog\/wp-content\/uploads\/2016\/09\/02-300x150.jpg 300w, https:\/\/vaku-dsgn.pl\/blog\/wp-content\/uploads\/2016\/09\/02-768x384.jpg 768w, https:\/\/vaku-dsgn.pl\/blog\/wp-content\/uploads\/2016\/09\/02-1024x512.jpg 1024w, https:\/\/vaku-dsgn.pl\/blog\/wp-content\/uploads\/2016\/09\/02-973x487.jpg 973w, https:\/\/vaku-dsgn.pl\/blog\/wp-content\/uploads\/2016\/09\/02-508x254.jpg 508w\" sizes=\"(max-width: 1440px) 100vw, 1440px\" \/><\/a><\/p>\n<p style=\"text-align: justify;\">Chcecie pokusi\u0107 si\u0119 jedynie o drobn\u0105 zmian\u0119 w Waszych wn\u0119trzach? Polecamy designerskie dodatki w z\u0142ocistych\u00a0odcieniach. Mocno z\u0142ota poszewka na poduszk\u0119 wykonana z cekin\u00f3w wzbogaci wn\u0119trze o odrobin\u0119 luksusu, modne figurki z matow\u0105 struktur\u0105\u00a0uzupe\u0142ni\u0105 wystr\u00f3j o szlachetno\u015b\u0107 i elegancj\u0119.\u00a0\u015awietnym dodatkiem wykorzystuj\u0105cym barwy przewodnie dzisiejszego wpisu b\u0119d\u0105 r\u00f3wnie\u017c wazony. Pierwszy w odcieniu starego z\u0142ota , a obok niego siostrzany odpowiednik o podobnej fakturze. Wykonany w kolorze czarnym z metalicznym refleksem\u00a0.<\/p>\n<p style=\"text-align: justify;\"><a href=\"http:\/\/www.vaku-dsgn.pl\/blog\/wp-content\/uploads\/2016\/09\/03.jpg\" data-rel=\"lightbox-gallery-0\" data-rl_title=\"\" data-rl_caption=\"\"><img loading=\"lazy\" class=\"aligncenter wp-image-950 size-full\" title=\"\" src=\"http:\/\/www.vaku-dsgn.pl\/blog\/wp-content\/uploads\/2016\/09\/03.jpg\" alt=\"Obraz na p\u0142\u00f3tnie geometryczny z\u0142ote tr\u00f3jk\u0105ty\" width=\"1440\" height=\"1080\" srcset=\"https:\/\/vaku-dsgn.pl\/blog\/wp-content\/uploads\/2016\/09\/03.jpg 1440w, https:\/\/vaku-dsgn.pl\/blog\/wp-content\/uploads\/2016\/09\/03-300x225.jpg 300w, https:\/\/vaku-dsgn.pl\/blog\/wp-content\/uploads\/2016\/09\/03-768x576.jpg 768w, https:\/\/vaku-dsgn.pl\/blog\/wp-content\/uploads\/2016\/09\/03-1024x768.jpg 1024w, https:\/\/vaku-dsgn.pl\/blog\/wp-content\/uploads\/2016\/09\/03-973x730.jpg 973w, https:\/\/vaku-dsgn.pl\/blog\/wp-content\/uploads\/2016\/09\/03-508x381.jpg 508w\" sizes=\"(max-width: 1440px) 100vw, 1440px\" \/><\/a><\/p>\n<p style=\"text-align: justify;\"><a href=\"http:\/\/vaku-dsgn.pl\/sklep\/abstrakcje\/611-szlachetny-blichtr-nowoczesny-obraz-na-plotnie.html\">&#8222;Szlachetny blichtr&#8221;<\/a> czerni i z\u0142ota sprawdzi si\u0119 r\u00f3wnie\u017c na salonowych \u015bcianach. Geometryczna kompozycja tr\u00f3jk\u0105t\u00f3w na zaprezentowanym obrazie to creme de la creme dla nowoczesnego wn\u0119trza.<\/p>\n<p style=\"text-align: justify;\"><a href=\"http:\/\/www.vaku-dsgn.pl\/blog\/wp-content\/uploads\/2016\/09\/04.jpg\" data-rel=\"lightbox-gallery-0\" data-rl_title=\"\" data-rl_caption=\"\"><img loading=\"lazy\" class=\"aligncenter wp-image-951 size-full\" title=\"\" src=\"http:\/\/www.vaku-dsgn.pl\/blog\/wp-content\/uploads\/2016\/09\/04.jpg\" alt=\"Obraz na p\u0142\u00f3tnie jesienne drzewo\" width=\"1440\" height=\"1080\" srcset=\"https:\/\/vaku-dsgn.pl\/blog\/wp-content\/uploads\/2016\/09\/04.jpg 1440w, https:\/\/vaku-dsgn.pl\/blog\/wp-content\/uploads\/2016\/09\/04-300x225.jpg 300w, https:\/\/vaku-dsgn.pl\/blog\/wp-content\/uploads\/2016\/09\/04-768x576.jpg 768w, https:\/\/vaku-dsgn.pl\/blog\/wp-content\/uploads\/2016\/09\/04-1024x768.jpg 1024w, https:\/\/vaku-dsgn.pl\/blog\/wp-content\/uploads\/2016\/09\/04-973x730.jpg 973w, https:\/\/vaku-dsgn.pl\/blog\/wp-content\/uploads\/2016\/09\/04-508x381.jpg 508w\" sizes=\"(max-width: 1440px) 100vw, 1440px\" \/><\/a><\/p>\n<p style=\"text-align: justify;\">Z\u0142ote barwy jesieni i szaro\u015bci nieba pi\u0119knie komponuj\u0105 si\u0119 we wn\u0119trzach w kolorach czerni i z\u0142ota. Mo\u017ce wypr\u00f3bujecie ten pomys\u0142 na w\u0142asnych \u015bcianach?<\/p>\n","protected":false},"excerpt":{"rendered":"<p>Z\u0142oto to synonim bogactwa, czer\u0144 za\u015b &#8211; elegancji. Te dwa kolory w po\u0142\u0105czeniu ze sob\u0105 tworz\u0105 pewn\u0105 szlachetn\u0105 kompozycj\u0119, kt\u00f3rej nie spos\u00f3b odm\u00f3wi\u0107 tego atrybutu. Dlaczego te dwie&#8230;<\/p>\n","protected":false},"author":1,"featured_media":2904,"comment_status":"open","ping_status":"open","sticky":false,"template":"","format":"standard","meta":{"jetpack_publicize_message":"","jetpack_is_tweetstorm":false,"jetpack_publicize_feature_enabled":true},"categories":[761],"tags":[40,37,200,199,57,10,58,17,204,26,8,35,34,22,61,60,203,19,9,55,56,201,202],"jetpack_publicize_connections":[],"yoast_head":"<!-- This site is optimized with the Yoast SEO plugin v19.6 - https:\/\/yoast.com\/wordpress\/plugins\/seo\/ -->\n<title>Urz\u0105dzamy szlachetne wn\u0119trze w czerni i z\u0142ocie - Blog wn\u0119trzarski | VAKU-DSGN<\/title>\n<meta name=\"robots\" content=\"index, follow, max-snippet:-1, max-image-preview:large, max-video-preview:-1\" \/>\n<link rel=\"canonical\" href=\"https:\/\/vaku-dsgn.pl\/blog\/urzadzamy-szlachetne-wnetrze-w-czerni-i-zlocie\/\" \/>\n<meta property=\"og:locale\" content=\"pl_PL\" \/>\n<meta property=\"og:type\" content=\"article\" \/>\n<meta property=\"og:title\" content=\"Urz\u0105dzamy szlachetne wn\u0119trze w czerni i z\u0142ocie - Blog wn\u0119trzarski | VAKU-DSGN\" \/>\n<meta property=\"og:description\" content=\"Z\u0142oto to synonim bogactwa, czer\u0144 za\u015b &#8211; elegancji. Te dwa kolory w po\u0142\u0105czeniu ze sob\u0105 tworz\u0105 pewn\u0105 szlachetn\u0105 kompozycj\u0119, kt\u00f3rej nie spos\u00f3b odm\u00f3wi\u0107 tego atrybutu. Dlaczego te dwie...\" \/>\n<meta property=\"og:url\" content=\"https:\/\/vaku-dsgn.pl\/blog\/urzadzamy-szlachetne-wnetrze-w-czerni-i-zlocie\/\" \/>\n<meta property=\"og:site_name\" content=\"Blog wn\u0119trzarski | VAKU-DSGN\" \/>\n<meta property=\"article:published_time\" content=\"2016-09-30T11:33:04+00:00\" \/>\n<meta property=\"article:modified_time\" content=\"2018-08-20T12:31:40+00:00\" \/>\n<meta property=\"og:image\" content=\"https:\/\/vaku-dsgn.pl\/blog\/wp-content\/uploads\/2016\/09\/trendy-2018-40.png\" \/>\n\t<meta property=\"og:image:width\" content=\"940\" \/>\n\t<meta property=\"og:image:height\" content=\"788\" \/>\n\t<meta property=\"og:image:type\" content=\"image\/png\" \/>\n<meta name=\"author\" content=\"vaku-dsgn\" \/>\n<meta name=\"twitter:card\" content=\"summary_large_image\" \/>\n<meta name=\"twitter:label1\" content=\"Napisane przez\" \/>\n\t<meta name=\"twitter:data1\" content=\"vaku-dsgn\" \/>\n\t<meta name=\"twitter:label2\" content=\"Szacowany czas czytania\" \/>\n\t<meta name=\"twitter:data2\" content=\"2 minuty\" \/>\n<script type=\"application\/ld+json\" class=\"yoast-schema-graph\">{\"@context\":\"https:\/\/schema.org\",\"@graph\":[{\"@type\":\"WebPage\",\"@id\":\"https:\/\/vaku-dsgn.pl\/blog\/urzadzamy-szlachetne-wnetrze-w-czerni-i-zlocie\/\",\"url\":\"https:\/\/vaku-dsgn.pl\/blog\/urzadzamy-szlachetne-wnetrze-w-czerni-i-zlocie\/\",\"name\":\"Urz\u0105dzamy szlachetne wn\u0119trze w czerni i z\u0142ocie - Blog wn\u0119trzarski | VAKU-DSGN\",\"isPartOf\":{\"@id\":\"https:\/\/vaku-dsgn.pl\/blog\/#website\"},\"datePublished\":\"2016-09-30T11:33:04+00:00\",\"dateModified\":\"2018-08-20T12:31:40+00:00\",\"author\":{\"@id\":\"https:\/\/vaku-dsgn.pl\/blog\/#\/schema\/person\/7e526591f045b0b95af3cd3b4ebd86d4\"},\"breadcrumb\":{\"@id\":\"https:\/\/vaku-dsgn.pl\/blog\/urzadzamy-szlachetne-wnetrze-w-czerni-i-zlocie\/#breadcrumb\"},\"inLanguage\":\"pl-PL\",\"potentialAction\":[{\"@type\":\"ReadAction\",\"target\":[\"https:\/\/vaku-dsgn.pl\/blog\/urzadzamy-szlachetne-wnetrze-w-czerni-i-zlocie\/\"]}]},{\"@type\":\"BreadcrumbList\",\"@id\":\"https:\/\/vaku-dsgn.pl\/blog\/urzadzamy-szlachetne-wnetrze-w-czerni-i-zlocie\/#breadcrumb\",\"itemListElement\":[{\"@type\":\"ListItem\",\"position\":1,\"name\":\"Strona g\u0142\u00f3wna\",\"item\":\"https:\/\/vaku-dsgn.pl\/blog\/\"},{\"@type\":\"ListItem\",\"position\":2,\"name\":\"Urz\u0105dzamy szlachetne wn\u0119trze w czerni i z\u0142ocie\"}]},{\"@type\":\"WebSite\",\"@id\":\"https:\/\/vaku-dsgn.pl\/blog\/#website\",\"url\":\"https:\/\/vaku-dsgn.pl\/blog\/\",\"name\":\"Blog wn\u0119trzarski | VAKU-DSGN\",\"description\":\"Wystr\u00f3j wn\u0119trz, design, inspiracje, DIY\",\"potentialAction\":[{\"@type\":\"SearchAction\",\"target\":{\"@type\":\"EntryPoint\",\"urlTemplate\":\"https:\/\/vaku-dsgn.pl\/blog\/?s={search_term_string}\"},\"query-input\":\"required name=search_term_string\"}],\"inLanguage\":\"pl-PL\"},{\"@type\":\"Person\",\"@id\":\"https:\/\/vaku-dsgn.pl\/blog\/#\/schema\/person\/7e526591f045b0b95af3cd3b4ebd86d4\",\"name\":\"vaku-dsgn\",\"image\":{\"@type\":\"ImageObject\",\"inLanguage\":\"pl-PL\",\"@id\":\"https:\/\/vaku-dsgn.pl\/blog\/#\/schema\/person\/image\/\",\"url\":\"https:\/\/secure.gravatar.com\/avatar\/5fba4d62872d676344a239bcb19c1f51?s=96&d=mm&r=g\",\"contentUrl\":\"https:\/\/secure.gravatar.com\/avatar\/5fba4d62872d676344a239bcb19c1f51?s=96&d=mm&r=g\",\"caption\":\"vaku-dsgn\"},\"sameAs\":[\"http:\/\/www.vaku-dsgn.pl\"],\"url\":\"https:\/\/vaku-dsgn.pl\/blog\/author\/vaku-dsgn\/\"}]}<\/script>\n<!-- \/ Yoast SEO plugin. -->","yoast_head_json":{"title":"Urz\u0105dzamy szlachetne wn\u0119trze w czerni i z\u0142ocie - Blog wn\u0119trzarski | VAKU-DSGN","robots":{"index":"index","follow":"follow","max-snippet":"max-snippet:-1","max-image-preview":"max-image-preview:large","max-video-preview":"max-video-preview:-1"},"canonical":"https:\/\/vaku-dsgn.pl\/blog\/urzadzamy-szlachetne-wnetrze-w-czerni-i-zlocie\/","og_locale":"pl_PL","og_type":"article","og_title":"Urz\u0105dzamy szlachetne wn\u0119trze w czerni i z\u0142ocie - Blog wn\u0119trzarski | VAKU-DSGN","og_description":"Z\u0142oto to synonim bogactwa, czer\u0144 za\u015b &#8211; elegancji. Te dwa kolory w po\u0142\u0105czeniu ze sob\u0105 tworz\u0105 pewn\u0105 szlachetn\u0105 kompozycj\u0119, kt\u00f3rej nie spos\u00f3b odm\u00f3wi\u0107 tego atrybutu. Dlaczego te dwie...","og_url":"https:\/\/vaku-dsgn.pl\/blog\/urzadzamy-szlachetne-wnetrze-w-czerni-i-zlocie\/","og_site_name":"Blog wn\u0119trzarski | VAKU-DSGN","article_published_time":"2016-09-30T11:33:04+00:00","article_modified_time":"2018-08-20T12:31:40+00:00","og_image":[{"width":940,"height":788,"url":"https:\/\/vaku-dsgn.pl\/blog\/wp-content\/uploads\/2016\/09\/trendy-2018-40.png","type":"image\/png"}],"author":"vaku-dsgn","twitter_card":"summary_large_image","twitter_misc":{"Napisane przez":"vaku-dsgn","Szacowany czas czytania":"2 minuty"},"schema":{"@context":"https:\/\/schema.org","@graph":[{"@type":"WebPage","@id":"https:\/\/vaku-dsgn.pl\/blog\/urzadzamy-szlachetne-wnetrze-w-czerni-i-zlocie\/","url":"https:\/\/vaku-dsgn.pl\/blog\/urzadzamy-szlachetne-wnetrze-w-czerni-i-zlocie\/","name":"Urz\u0105dzamy szlachetne wn\u0119trze w czerni i z\u0142ocie - Blog wn\u0119trzarski | VAKU-DSGN","isPartOf":{"@id":"https:\/\/vaku-dsgn.pl\/blog\/#website"},"datePublished":"2016-09-30T11:33:04+00:00","dateModified":"2018-08-20T12:31:40+00:00","author":{"@id":"https:\/\/vaku-dsgn.pl\/blog\/#\/schema\/person\/7e526591f045b0b95af3cd3b4ebd86d4"},"breadcrumb":{"@id":"https:\/\/vaku-dsgn.pl\/blog\/urzadzamy-szlachetne-wnetrze-w-czerni-i-zlocie\/#breadcrumb"},"inLanguage":"pl-PL","potentialAction":[{"@type":"ReadAction","target":["https:\/\/vaku-dsgn.pl\/blog\/urzadzamy-szlachetne-wnetrze-w-czerni-i-zlocie\/"]}]},{"@type":"BreadcrumbList","@id":"https:\/\/vaku-dsgn.pl\/blog\/urzadzamy-szlachetne-wnetrze-w-czerni-i-zlocie\/#breadcrumb","itemListElement":[{"@type":"ListItem","position":1,"name":"Strona g\u0142\u00f3wna","item":"https:\/\/vaku-dsgn.pl\/blog\/"},{"@type":"ListItem","position":2,"name":"Urz\u0105dzamy szlachetne wn\u0119trze w czerni i z\u0142ocie"}]},{"@type":"WebSite","@id":"https:\/\/vaku-dsgn.pl\/blog\/#website","url":"https:\/\/vaku-dsgn.pl\/blog\/","name":"Blog wn\u0119trzarski | VAKU-DSGN","description":"Wystr\u00f3j wn\u0119trz, design, inspiracje, DIY","potentialAction":[{"@type":"SearchAction","target":{"@type":"EntryPoint","urlTemplate":"https:\/\/vaku-dsgn.pl\/blog\/?s={search_term_string}"},"query-input":"required name=search_term_string"}],"inLanguage":"pl-PL"},{"@type":"Person","@id":"https:\/\/vaku-dsgn.pl\/blog\/#\/schema\/person\/7e526591f045b0b95af3cd3b4ebd86d4","name":"vaku-dsgn","image":{"@type":"ImageObject","inLanguage":"pl-PL","@id":"https:\/\/vaku-dsgn.pl\/blog\/#\/schema\/person\/image\/","url":"https:\/\/secure.gravatar.com\/avatar\/5fba4d62872d676344a239bcb19c1f51?s=96&d=mm&r=g","contentUrl":"https:\/\/secure.gravatar.com\/avatar\/5fba4d62872d676344a239bcb19c1f51?s=96&d=mm&r=g","caption":"vaku-dsgn"},"sameAs":["http:\/\/www.vaku-dsgn.pl"],"url":"https:\/\/vaku-dsgn.pl\/blog\/author\/vaku-dsgn\/"}]}},"jetpack_featured_media_url":"https:\/\/vaku-dsgn.pl\/blog\/wp-content\/uploads\/2016\/09\/trendy-2018-40.png","jetpack_sharing_enabled":true,"jetpack_shortlink":"https:\/\/wp.me\/p82XUN-ff","_links":{"self":[{"href":"https:\/\/vaku-dsgn.pl\/blog\/wp-json\/wp\/v2\/posts\/945"}],"collection":[{"href":"https:\/\/vaku-dsgn.pl\/blog\/wp-json\/wp\/v2\/posts"}],"about":[{"href":"https:\/\/vaku-dsgn.pl\/blog\/wp-json\/wp\/v2\/types\/post"}],"author":[{"embeddable":true,"href":"https:\/\/vaku-dsgn.pl\/blog\/wp-json\/wp\/v2\/users\/1"}],"replies":[{"embeddable":true,"href":"https:\/\/vaku-dsgn.pl\/blog\/wp-json\/wp\/v2\/comments?post=945"}],"version-history":[{"count":8,"href":"https:\/\/vaku-dsgn.pl\/blog\/wp-json\/wp\/v2\/posts\/945\/revisions"}],"predecessor-version":[{"id":959,"href":"https:\/\/vaku-dsgn.pl\/blog\/wp-json\/wp\/v2\/posts\/945\/revisions\/959"}],"wp:featuredmedia":[{"embeddable":true,"href":"https:\/\/vaku-dsgn.pl\/blog\/wp-json\/wp\/v2\/media\/2904"}],"wp:attachment":[{"href":"https:\/\/vaku-dsgn.pl\/blog\/wp-json\/wp\/v2\/media?parent=945"}],"wp:term":[{"taxonomy":"category","embeddable":true,"href":"https:\/\/vaku-dsgn.pl\/blog\/wp-json\/wp\/v2\/categories?post=945"},{"taxonomy":"post_tag","embeddable":true,"href":"https:\/\/vaku-dsgn.pl\/blog\/wp-json\/wp\/v2\/tags?post=945"}],"curies":[{"name":"wp","href":"https:\/\/api.w.org\/{rel}","templated":true}]}}