{"id":885,"date":"2016-09-09T09:26:12","date_gmt":"2016-09-09T09:26:12","guid":{"rendered":"http:\/\/www.vaku-dsgn.pl\/blog\/?p=885"},"modified":"2018-08-20T12:32:10","modified_gmt":"2018-08-20T12:32:10","slug":"spotkanie-z-jesienia-6-pomyslow-na-jesienna-dekoracje-scienna","status":"publish","type":"post","link":"https:\/\/vaku-dsgn.pl\/blog\/spotkanie-z-jesienia-6-pomyslow-na-jesienna-dekoracje-scienna\/","title":{"rendered":"Spotkanie z jesieni\u0105 &#8211; 6 pomys\u0142\u00f3w na jesienn\u0105 dekoracj\u0119 \u015bcienn\u0105"},"content":{"rendered":"<p style=\"text-align: justify;\">Cho\u0107 wrzesie\u0144 zaskakuje i\u015bcie wakacyjn\u0105 pogod\u0105 niew\u0105tpliwie jesie\u0144 zbli\u017ca si\u0119 wielkimi krokami. Wraz z ni\u0105 nadejdzie r\u00f3wnie\u017c ca\u0142a paleta jesiennych barw &#8211; br\u0105zy, be\u017ce i \u017c\u00f3\u0142cie. Ta ciep\u0142a gama kolor\u00f3w nadaje niezwyk\u0142ej przytulno\u015bci we wn\u0119trzach. Ze wzgl\u0119du na stonowanie kolor\u00f3w jest r\u00f3wnie\u017c bardzo uniwersalna. Warto wi\u0119c zainspirowa\u0107 si\u0119 jesieni\u0105 i to w\u0142a\u015bnie o tej porze roku zacz\u0105\u0107 metamorfoz\u0119 swoich czterech k\u0105t\u00f3w. My ze swojej strony dostarczymy Wam dzi\u015b kilka inspiruj\u0105cych, jesiennych obraz\u00f3w, kt\u00f3re wprowadz\u0105 w melancholijny klimat jesieni.<\/p>\n<p style=\"text-align: justify;\"><a href=\"http:\/\/www.vaku-dsgn.pl\/blog\/wp-content\/uploads\/2016\/09\/905301-whd1.jpg\" data-rel=\"lightbox-gallery-0\" data-rl_title=\"\" data-rl_caption=\"\"><img loading=\"lazy\" class=\"aligncenter wp-image-886 size-full\" title=\"\" src=\"http:\/\/www.vaku-dsgn.pl\/blog\/wp-content\/uploads\/2016\/09\/905301-whd1.jpg\" alt=\"jesienne li\u015bcie\" width=\"1440\" height=\"1080\" srcset=\"https:\/\/vaku-dsgn.pl\/blog\/wp-content\/uploads\/2016\/09\/905301-whd1.jpg 1440w, https:\/\/vaku-dsgn.pl\/blog\/wp-content\/uploads\/2016\/09\/905301-whd1-300x225.jpg 300w, https:\/\/vaku-dsgn.pl\/blog\/wp-content\/uploads\/2016\/09\/905301-whd1-768x576.jpg 768w, https:\/\/vaku-dsgn.pl\/blog\/wp-content\/uploads\/2016\/09\/905301-whd1-1024x768.jpg 1024w, https:\/\/vaku-dsgn.pl\/blog\/wp-content\/uploads\/2016\/09\/905301-whd1-973x730.jpg 973w, https:\/\/vaku-dsgn.pl\/blog\/wp-content\/uploads\/2016\/09\/905301-whd1-508x381.jpg 508w\" sizes=\"(max-width: 1440px) 100vw, 1440px\" \/><\/a><\/p>\n<p style=\"text-align: justify;\">Wspomniana wcze\u015bniej paleta jesiennych barw uchwycona na jednym obrazie. Esencja jesieni w ca\u0142ej okaza\u0142o\u015bci &#8211; to w\u0142a\u015bnie obraz <a href=\"http:\/\/vaku-dsgn.pl\/sklep\/cuda-natury\/537-cztery-pory-roku-nowoczesny-obraz-na-plotnie.html\">&#8222;Cztery pory roku&#8221;<\/a>, kt\u00f3ry pochodzi z naszej kolekcji fotoobraz\u00f3w.<\/p>\n<p style=\"text-align: justify;\"><a href=\"http:\/\/www.vaku-dsgn.pl\/blog\/wp-content\/uploads\/2016\/09\/23002-whd3.jpg\" data-rel=\"lightbox-gallery-0\" data-rl_title=\"\" data-rl_caption=\"\"><img loading=\"lazy\" class=\"aligncenter wp-image-887 size-full\" title=\"\" src=\"http:\/\/www.vaku-dsgn.pl\/blog\/wp-content\/uploads\/2016\/09\/23002-whd3.jpg\" alt=\"jesienne li\u015bcie\" width=\"1440\" height=\"1080\" srcset=\"https:\/\/vaku-dsgn.pl\/blog\/wp-content\/uploads\/2016\/09\/23002-whd3.jpg 1440w, https:\/\/vaku-dsgn.pl\/blog\/wp-content\/uploads\/2016\/09\/23002-whd3-300x225.jpg 300w, https:\/\/vaku-dsgn.pl\/blog\/wp-content\/uploads\/2016\/09\/23002-whd3-768x576.jpg 768w, https:\/\/vaku-dsgn.pl\/blog\/wp-content\/uploads\/2016\/09\/23002-whd3-1024x768.jpg 1024w, https:\/\/vaku-dsgn.pl\/blog\/wp-content\/uploads\/2016\/09\/23002-whd3-973x730.jpg 973w, https:\/\/vaku-dsgn.pl\/blog\/wp-content\/uploads\/2016\/09\/23002-whd3-508x381.jpg 508w\" sizes=\"(max-width: 1440px) 100vw, 1440px\" \/><\/a><\/p>\n<p style=\"text-align: justify;\"><a href=\"http:\/\/vaku-dsgn.pl\/sklep\/inspiracje\/658-jesienne-liscie-nowoczesny-obraz-na-plotnie.html\">&#8222;Jesienne li\u015bcie&#8221;<\/a> to kolejna propozycja utrzymana w jesiennej konwencji. Ciep\u0142e be\u017ce i br\u0105zy drewnianych mebli znakomicie uzupe\u0142ni obraz z motywem jesiennych drzew.<\/p>\n<p style=\"text-align: justify;\"><a href=\"http:\/\/www.vaku-dsgn.pl\/blog\/wp-content\/uploads\/2016\/09\/904301-whd1.jpg\" data-rel=\"lightbox-gallery-0\" data-rl_title=\"\" data-rl_caption=\"\"><img loading=\"lazy\" class=\"aligncenter wp-image-888 size-full\" title=\"\" src=\"http:\/\/www.vaku-dsgn.pl\/blog\/wp-content\/uploads\/2016\/09\/904301-whd1.jpg\" alt=\"jesie\u0144 park\" width=\"1440\" height=\"1080\" srcset=\"https:\/\/vaku-dsgn.pl\/blog\/wp-content\/uploads\/2016\/09\/904301-whd1.jpg 1440w, https:\/\/vaku-dsgn.pl\/blog\/wp-content\/uploads\/2016\/09\/904301-whd1-300x225.jpg 300w, https:\/\/vaku-dsgn.pl\/blog\/wp-content\/uploads\/2016\/09\/904301-whd1-768x576.jpg 768w, https:\/\/vaku-dsgn.pl\/blog\/wp-content\/uploads\/2016\/09\/904301-whd1-1024x768.jpg 1024w, https:\/\/vaku-dsgn.pl\/blog\/wp-content\/uploads\/2016\/09\/904301-whd1-973x730.jpg 973w, https:\/\/vaku-dsgn.pl\/blog\/wp-content\/uploads\/2016\/09\/904301-whd1-508x381.jpg 508w\" sizes=\"(max-width: 1440px) 100vw, 1440px\" \/><\/a><\/p>\n<p style=\"text-align: justify;\">Jesienne spacery &#8211; kt\u00f3\u017c z nas ich nie uwielbia. Aleje sk\u0105pane w szeleszcz\u0105cych li\u015bciach, z\u0142oto-brunatne parki n\u0119c\u0105ce swoim pi\u0119knem. Znajdziecie to wszystko w kadrze fotoobrazu <a href=\"http:\/\/vaku-dsgn.pl\/sklep\/cuda-natury\/527-sciezki-mysli-nowoczesny-obraz-na-plotnie.html\">&#8222;\u015acie\u017cki my\u015bli&#8221;<\/a>.<\/p>\n<p style=\"text-align: justify;\"><a href=\"http:\/\/www.vaku-dsgn.pl\/blog\/wp-content\/uploads\/2016\/09\/03601-whd2.jpg\" data-rel=\"lightbox-gallery-0\" data-rl_title=\"\" data-rl_caption=\"\"><img loading=\"lazy\" class=\"aligncenter wp-image-889 size-full\" title=\"\" src=\"http:\/\/www.vaku-dsgn.pl\/blog\/wp-content\/uploads\/2016\/09\/03601-whd2.jpg\" alt=\"szyszki tryptyk\" width=\"1440\" height=\"1080\" srcset=\"https:\/\/vaku-dsgn.pl\/blog\/wp-content\/uploads\/2016\/09\/03601-whd2.jpg 1440w, https:\/\/vaku-dsgn.pl\/blog\/wp-content\/uploads\/2016\/09\/03601-whd2-300x225.jpg 300w, https:\/\/vaku-dsgn.pl\/blog\/wp-content\/uploads\/2016\/09\/03601-whd2-768x576.jpg 768w, https:\/\/vaku-dsgn.pl\/blog\/wp-content\/uploads\/2016\/09\/03601-whd2-1024x768.jpg 1024w, https:\/\/vaku-dsgn.pl\/blog\/wp-content\/uploads\/2016\/09\/03601-whd2-973x730.jpg 973w, https:\/\/vaku-dsgn.pl\/blog\/wp-content\/uploads\/2016\/09\/03601-whd2-508x381.jpg 508w\" sizes=\"(max-width: 1440px) 100vw, 1440px\" \/><\/a><\/p>\n<p style=\"text-align: justify;\">Kasztany, \u017co\u0142\u0119dzie, szyszki &#8211; oto dary jesieni. Jeden z nich przeniesiony zosta\u0142 na p\u0142\u00f3tno w mocno artystycznej formie. Poznajcie <a href=\"http:\/\/vaku-dsgn.pl\/sklep\/inspiracje\/16-lesnych-szyszek-czar-nowoczesny-obraz-na-plotnie.html\">&#8222;Le\u015bnych szyszek czar&#8221;<\/a> wraz z <a href=\"http:\/\/vaku-dsgn.pl\/sklep\/\">VAKU-DSGN<\/a>.<\/p>\n<p style=\"text-align: justify;\"><a href=\"http:\/\/www.vaku-dsgn.pl\/blog\/wp-content\/uploads\/2016\/09\/904901-whd2.jpg\" data-rel=\"lightbox-gallery-0\" data-rl_title=\"\" data-rl_caption=\"\"><img loading=\"lazy\" class=\"aligncenter wp-image-890 size-full\" title=\"\" src=\"http:\/\/www.vaku-dsgn.pl\/blog\/wp-content\/uploads\/2016\/09\/904901-whd2.jpg\" alt=\"jesie\u0144 park\" width=\"1440\" height=\"1080\" srcset=\"https:\/\/vaku-dsgn.pl\/blog\/wp-content\/uploads\/2016\/09\/904901-whd2.jpg 1440w, https:\/\/vaku-dsgn.pl\/blog\/wp-content\/uploads\/2016\/09\/904901-whd2-300x225.jpg 300w, https:\/\/vaku-dsgn.pl\/blog\/wp-content\/uploads\/2016\/09\/904901-whd2-768x576.jpg 768w, https:\/\/vaku-dsgn.pl\/blog\/wp-content\/uploads\/2016\/09\/904901-whd2-1024x768.jpg 1024w, https:\/\/vaku-dsgn.pl\/blog\/wp-content\/uploads\/2016\/09\/904901-whd2-973x730.jpg 973w, https:\/\/vaku-dsgn.pl\/blog\/wp-content\/uploads\/2016\/09\/904901-whd2-508x381.jpg 508w\" sizes=\"(max-width: 1440px) 100vw, 1440px\" \/><\/a><\/p>\n<p style=\"text-align: justify;\">Zwr\u00f3\u0107my wzrok jeszcze raz w kierunku malowniczych, jesiennych pejza\u017cy. Pi\u0119kno jesieni sk\u0105pane w tafli wody. Ten <a href=\"http:\/\/vaku-dsgn.pl\/sklep\/cuda-natury\/533-urokliwy-zakatek-nowoczesny-obraz-na-plotnie.html\">&#8222;Urokliwy zak\u0105tek&#8221;<\/a> na pewno zapadnie na d\u0142ugo w Waszej pami\u0119ci.<\/p>\n<p style=\"text-align: justify;\"><a href=\"http:\/\/www.vaku-dsgn.pl\/blog\/wp-content\/uploads\/2016\/09\/17801-whd2.jpg\" data-rel=\"lightbox-gallery-0\" data-rl_title=\"\" data-rl_caption=\"\"><img loading=\"lazy\" class=\"aligncenter wp-image-891 size-full\" title=\"\" src=\"http:\/\/www.vaku-dsgn.pl\/blog\/wp-content\/uploads\/2016\/09\/17801-whd2.jpg\" alt=\"jesienne drzewo\" width=\"1440\" height=\"1080\" srcset=\"https:\/\/vaku-dsgn.pl\/blog\/wp-content\/uploads\/2016\/09\/17801-whd2.jpg 1440w, https:\/\/vaku-dsgn.pl\/blog\/wp-content\/uploads\/2016\/09\/17801-whd2-300x225.jpg 300w, https:\/\/vaku-dsgn.pl\/blog\/wp-content\/uploads\/2016\/09\/17801-whd2-768x576.jpg 768w, https:\/\/vaku-dsgn.pl\/blog\/wp-content\/uploads\/2016\/09\/17801-whd2-1024x768.jpg 1024w, https:\/\/vaku-dsgn.pl\/blog\/wp-content\/uploads\/2016\/09\/17801-whd2-973x730.jpg 973w, https:\/\/vaku-dsgn.pl\/blog\/wp-content\/uploads\/2016\/09\/17801-whd2-508x381.jpg 508w\" sizes=\"(max-width: 1440px) 100vw, 1440px\" \/><\/a><\/p>\n<p style=\"text-align: justify;\">Jesie\u0144 to pora roku, kt\u00f3ra przygotowuje natur\u0119 na nadej\u015bcie nowego \u017cycia. Wyzbyta ze z\u0142ocistych szat czeka skromnie na nadej\u015bcie wiosny. Dzi\u0119ki obrazowi <a href=\"http:\/\/vaku-dsgn.pl\/sklep\/inspiracje\/213-czar-jesiennych-barw-nowoczesny-obraz-do-sypialni.html\">&#8222;Czar jesiennych barw&#8221;<\/a> mo\u017cemy podziwia\u0107 ten cud przyrody ka\u017cdego dnia.<\/p>\n","protected":false},"excerpt":{"rendered":"<p>Cho\u0107 wrzesie\u0144 zaskakuje i\u015bcie wakacyjn\u0105 pogod\u0105 niew\u0105tpliwie jesie\u0144 zbli\u017ca si\u0119 wielkimi krokami. Wraz z ni\u0105 nadejdzie r\u00f3wnie\u017c ca\u0142a paleta jesiennych barw &#8211; br\u0105zy, be\u017ce i \u017c\u00f3\u0142cie. Ta ciep\u0142a&#8230;<\/p>\n","protected":false},"author":1,"featured_media":2908,"comment_status":"open","ping_status":"open","sticky":false,"template":"","format":"standard","meta":{"jetpack_publicize_message":"","jetpack_is_tweetstorm":false,"jetpack_publicize_feature_enabled":true},"categories":[766],"tags":[57,10,58,188,13,185,191,187,186,42,26,27,8,35,36,34,22,61,60,189,190,41,19,9,55,56],"jetpack_publicize_connections":[],"yoast_head":"<!-- This site is optimized with the Yoast SEO plugin v19.6 - https:\/\/yoast.com\/wordpress\/plugins\/seo\/ -->\n<title>Spotkanie z jesieni\u0105 - 6 pomys\u0142\u00f3w na jesienn\u0105 dekoracj\u0119 \u015bcienn\u0105 - Blog wn\u0119trzarski | VAKU-DSGN<\/title>\n<meta name=\"robots\" content=\"index, follow, max-snippet:-1, max-image-preview:large, max-video-preview:-1\" \/>\n<link rel=\"canonical\" href=\"https:\/\/vaku-dsgn.pl\/blog\/spotkanie-z-jesienia-6-pomyslow-na-jesienna-dekoracje-scienna\/\" \/>\n<meta property=\"og:locale\" content=\"pl_PL\" \/>\n<meta property=\"og:type\" content=\"article\" \/>\n<meta property=\"og:title\" content=\"Spotkanie z jesieni\u0105 - 6 pomys\u0142\u00f3w na jesienn\u0105 dekoracj\u0119 \u015bcienn\u0105 - Blog wn\u0119trzarski | VAKU-DSGN\" \/>\n<meta property=\"og:description\" content=\"Cho\u0107 wrzesie\u0144 zaskakuje i\u015bcie wakacyjn\u0105 pogod\u0105 niew\u0105tpliwie jesie\u0144 zbli\u017ca si\u0119 wielkimi krokami. Wraz z ni\u0105 nadejdzie r\u00f3wnie\u017c ca\u0142a paleta jesiennych barw &#8211; br\u0105zy, be\u017ce i \u017c\u00f3\u0142cie. Ta ciep\u0142a...\" \/>\n<meta property=\"og:url\" content=\"https:\/\/vaku-dsgn.pl\/blog\/spotkanie-z-jesienia-6-pomyslow-na-jesienna-dekoracje-scienna\/\" \/>\n<meta property=\"og:site_name\" content=\"Blog wn\u0119trzarski | VAKU-DSGN\" \/>\n<meta property=\"article:published_time\" content=\"2016-09-09T09:26:12+00:00\" \/>\n<meta property=\"article:modified_time\" content=\"2018-08-20T12:32:10+00:00\" \/>\n<meta property=\"og:image\" content=\"https:\/\/vaku-dsgn.pl\/blog\/wp-content\/uploads\/2016\/09\/trendy-2018-46.png\" \/>\n\t<meta property=\"og:image:width\" content=\"940\" \/>\n\t<meta property=\"og:image:height\" content=\"788\" \/>\n\t<meta property=\"og:image:type\" content=\"image\/png\" \/>\n<meta name=\"author\" content=\"vaku-dsgn\" \/>\n<meta name=\"twitter:card\" content=\"summary_large_image\" \/>\n<meta name=\"twitter:label1\" content=\"Napisane przez\" \/>\n\t<meta name=\"twitter:data1\" content=\"vaku-dsgn\" \/>\n\t<meta name=\"twitter:label2\" content=\"Szacowany czas czytania\" \/>\n\t<meta name=\"twitter:data2\" content=\"1 minuta\" \/>\n<script type=\"application\/ld+json\" class=\"yoast-schema-graph\">{\"@context\":\"https:\/\/schema.org\",\"@graph\":[{\"@type\":\"WebPage\",\"@id\":\"https:\/\/vaku-dsgn.pl\/blog\/spotkanie-z-jesienia-6-pomyslow-na-jesienna-dekoracje-scienna\/\",\"url\":\"https:\/\/vaku-dsgn.pl\/blog\/spotkanie-z-jesienia-6-pomyslow-na-jesienna-dekoracje-scienna\/\",\"name\":\"Spotkanie z jesieni\u0105 - 6 pomys\u0142\u00f3w na jesienn\u0105 dekoracj\u0119 \u015bcienn\u0105 - Blog wn\u0119trzarski | VAKU-DSGN\",\"isPartOf\":{\"@id\":\"https:\/\/vaku-dsgn.pl\/blog\/#website\"},\"datePublished\":\"2016-09-09T09:26:12+00:00\",\"dateModified\":\"2018-08-20T12:32:10+00:00\",\"author\":{\"@id\":\"https:\/\/vaku-dsgn.pl\/blog\/#\/schema\/person\/7e526591f045b0b95af3cd3b4ebd86d4\"},\"breadcrumb\":{\"@id\":\"https:\/\/vaku-dsgn.pl\/blog\/spotkanie-z-jesienia-6-pomyslow-na-jesienna-dekoracje-scienna\/#breadcrumb\"},\"inLanguage\":\"pl-PL\",\"potentialAction\":[{\"@type\":\"ReadAction\",\"target\":[\"https:\/\/vaku-dsgn.pl\/blog\/spotkanie-z-jesienia-6-pomyslow-na-jesienna-dekoracje-scienna\/\"]}]},{\"@type\":\"BreadcrumbList\",\"@id\":\"https:\/\/vaku-dsgn.pl\/blog\/spotkanie-z-jesienia-6-pomyslow-na-jesienna-dekoracje-scienna\/#breadcrumb\",\"itemListElement\":[{\"@type\":\"ListItem\",\"position\":1,\"name\":\"Strona g\u0142\u00f3wna\",\"item\":\"https:\/\/vaku-dsgn.pl\/blog\/\"},{\"@type\":\"ListItem\",\"position\":2,\"name\":\"Spotkanie z jesieni\u0105 &#8211; 6 pomys\u0142\u00f3w na jesienn\u0105 dekoracj\u0119 \u015bcienn\u0105\"}]},{\"@type\":\"WebSite\",\"@id\":\"https:\/\/vaku-dsgn.pl\/blog\/#website\",\"url\":\"https:\/\/vaku-dsgn.pl\/blog\/\",\"name\":\"Blog wn\u0119trzarski | VAKU-DSGN\",\"description\":\"Wystr\u00f3j wn\u0119trz, design, inspiracje, DIY\",\"potentialAction\":[{\"@type\":\"SearchAction\",\"target\":{\"@type\":\"EntryPoint\",\"urlTemplate\":\"https:\/\/vaku-dsgn.pl\/blog\/?s={search_term_string}\"},\"query-input\":\"required name=search_term_string\"}],\"inLanguage\":\"pl-PL\"},{\"@type\":\"Person\",\"@id\":\"https:\/\/vaku-dsgn.pl\/blog\/#\/schema\/person\/7e526591f045b0b95af3cd3b4ebd86d4\",\"name\":\"vaku-dsgn\",\"image\":{\"@type\":\"ImageObject\",\"inLanguage\":\"pl-PL\",\"@id\":\"https:\/\/vaku-dsgn.pl\/blog\/#\/schema\/person\/image\/\",\"url\":\"https:\/\/secure.gravatar.com\/avatar\/5fba4d62872d676344a239bcb19c1f51?s=96&d=mm&r=g\",\"contentUrl\":\"https:\/\/secure.gravatar.com\/avatar\/5fba4d62872d676344a239bcb19c1f51?s=96&d=mm&r=g\",\"caption\":\"vaku-dsgn\"},\"sameAs\":[\"http:\/\/www.vaku-dsgn.pl\"],\"url\":\"https:\/\/vaku-dsgn.pl\/blog\/author\/vaku-dsgn\/\"}]}<\/script>\n<!-- \/ Yoast SEO plugin. -->","yoast_head_json":{"title":"Spotkanie z jesieni\u0105 - 6 pomys\u0142\u00f3w na jesienn\u0105 dekoracj\u0119 \u015bcienn\u0105 - Blog wn\u0119trzarski | VAKU-DSGN","robots":{"index":"index","follow":"follow","max-snippet":"max-snippet:-1","max-image-preview":"max-image-preview:large","max-video-preview":"max-video-preview:-1"},"canonical":"https:\/\/vaku-dsgn.pl\/blog\/spotkanie-z-jesienia-6-pomyslow-na-jesienna-dekoracje-scienna\/","og_locale":"pl_PL","og_type":"article","og_title":"Spotkanie z jesieni\u0105 - 6 pomys\u0142\u00f3w na jesienn\u0105 dekoracj\u0119 \u015bcienn\u0105 - Blog wn\u0119trzarski | VAKU-DSGN","og_description":"Cho\u0107 wrzesie\u0144 zaskakuje i\u015bcie wakacyjn\u0105 pogod\u0105 niew\u0105tpliwie jesie\u0144 zbli\u017ca si\u0119 wielkimi krokami. Wraz z ni\u0105 nadejdzie r\u00f3wnie\u017c ca\u0142a paleta jesiennych barw &#8211; br\u0105zy, be\u017ce i \u017c\u00f3\u0142cie. Ta ciep\u0142a...","og_url":"https:\/\/vaku-dsgn.pl\/blog\/spotkanie-z-jesienia-6-pomyslow-na-jesienna-dekoracje-scienna\/","og_site_name":"Blog wn\u0119trzarski | VAKU-DSGN","article_published_time":"2016-09-09T09:26:12+00:00","article_modified_time":"2018-08-20T12:32:10+00:00","og_image":[{"width":940,"height":788,"url":"https:\/\/vaku-dsgn.pl\/blog\/wp-content\/uploads\/2016\/09\/trendy-2018-46.png","type":"image\/png"}],"author":"vaku-dsgn","twitter_card":"summary_large_image","twitter_misc":{"Napisane przez":"vaku-dsgn","Szacowany czas czytania":"1 minuta"},"schema":{"@context":"https:\/\/schema.org","@graph":[{"@type":"WebPage","@id":"https:\/\/vaku-dsgn.pl\/blog\/spotkanie-z-jesienia-6-pomyslow-na-jesienna-dekoracje-scienna\/","url":"https:\/\/vaku-dsgn.pl\/blog\/spotkanie-z-jesienia-6-pomyslow-na-jesienna-dekoracje-scienna\/","name":"Spotkanie z jesieni\u0105 - 6 pomys\u0142\u00f3w na jesienn\u0105 dekoracj\u0119 \u015bcienn\u0105 - Blog wn\u0119trzarski | VAKU-DSGN","isPartOf":{"@id":"https:\/\/vaku-dsgn.pl\/blog\/#website"},"datePublished":"2016-09-09T09:26:12+00:00","dateModified":"2018-08-20T12:32:10+00:00","author":{"@id":"https:\/\/vaku-dsgn.pl\/blog\/#\/schema\/person\/7e526591f045b0b95af3cd3b4ebd86d4"},"breadcrumb":{"@id":"https:\/\/vaku-dsgn.pl\/blog\/spotkanie-z-jesienia-6-pomyslow-na-jesienna-dekoracje-scienna\/#breadcrumb"},"inLanguage":"pl-PL","potentialAction":[{"@type":"ReadAction","target":["https:\/\/vaku-dsgn.pl\/blog\/spotkanie-z-jesienia-6-pomyslow-na-jesienna-dekoracje-scienna\/"]}]},{"@type":"BreadcrumbList","@id":"https:\/\/vaku-dsgn.pl\/blog\/spotkanie-z-jesienia-6-pomyslow-na-jesienna-dekoracje-scienna\/#breadcrumb","itemListElement":[{"@type":"ListItem","position":1,"name":"Strona g\u0142\u00f3wna","item":"https:\/\/vaku-dsgn.pl\/blog\/"},{"@type":"ListItem","position":2,"name":"Spotkanie z jesieni\u0105 &#8211; 6 pomys\u0142\u00f3w na jesienn\u0105 dekoracj\u0119 \u015bcienn\u0105"}]},{"@type":"WebSite","@id":"https:\/\/vaku-dsgn.pl\/blog\/#website","url":"https:\/\/vaku-dsgn.pl\/blog\/","name":"Blog wn\u0119trzarski | VAKU-DSGN","description":"Wystr\u00f3j wn\u0119trz, design, inspiracje, DIY","potentialAction":[{"@type":"SearchAction","target":{"@type":"EntryPoint","urlTemplate":"https:\/\/vaku-dsgn.pl\/blog\/?s={search_term_string}"},"query-input":"required name=search_term_string"}],"inLanguage":"pl-PL"},{"@type":"Person","@id":"https:\/\/vaku-dsgn.pl\/blog\/#\/schema\/person\/7e526591f045b0b95af3cd3b4ebd86d4","name":"vaku-dsgn","image":{"@type":"ImageObject","inLanguage":"pl-PL","@id":"https:\/\/vaku-dsgn.pl\/blog\/#\/schema\/person\/image\/","url":"https:\/\/secure.gravatar.com\/avatar\/5fba4d62872d676344a239bcb19c1f51?s=96&d=mm&r=g","contentUrl":"https:\/\/secure.gravatar.com\/avatar\/5fba4d62872d676344a239bcb19c1f51?s=96&d=mm&r=g","caption":"vaku-dsgn"},"sameAs":["http:\/\/www.vaku-dsgn.pl"],"url":"https:\/\/vaku-dsgn.pl\/blog\/author\/vaku-dsgn\/"}]}},"jetpack_featured_media_url":"https:\/\/vaku-dsgn.pl\/blog\/wp-content\/uploads\/2016\/09\/trendy-2018-46.png","jetpack_sharing_enabled":true,"jetpack_shortlink":"https:\/\/wp.me\/p82XUN-eh","_links":{"self":[{"href":"https:\/\/vaku-dsgn.pl\/blog\/wp-json\/wp\/v2\/posts\/885"}],"collection":[{"href":"https:\/\/vaku-dsgn.pl\/blog\/wp-json\/wp\/v2\/posts"}],"about":[{"href":"https:\/\/vaku-dsgn.pl\/blog\/wp-json\/wp\/v2\/types\/post"}],"author":[{"embeddable":true,"href":"https:\/\/vaku-dsgn.pl\/blog\/wp-json\/wp\/v2\/users\/1"}],"replies":[{"embeddable":true,"href":"https:\/\/vaku-dsgn.pl\/blog\/wp-json\/wp\/v2\/comments?post=885"}],"version-history":[{"count":6,"href":"https:\/\/vaku-dsgn.pl\/blog\/wp-json\/wp\/v2\/posts\/885\/revisions"}],"predecessor-version":[{"id":898,"href":"https:\/\/vaku-dsgn.pl\/blog\/wp-json\/wp\/v2\/posts\/885\/revisions\/898"}],"wp:featuredmedia":[{"embeddable":true,"href":"https:\/\/vaku-dsgn.pl\/blog\/wp-json\/wp\/v2\/media\/2908"}],"wp:attachment":[{"href":"https:\/\/vaku-dsgn.pl\/blog\/wp-json\/wp\/v2\/media?parent=885"}],"wp:term":[{"taxonomy":"category","embeddable":true,"href":"https:\/\/vaku-dsgn.pl\/blog\/wp-json\/wp\/v2\/categories?post=885"},{"taxonomy":"post_tag","embeddable":true,"href":"https:\/\/vaku-dsgn.pl\/blog\/wp-json\/wp\/v2\/tags?post=885"}],"curies":[{"name":"wp","href":"https:\/\/api.w.org\/{rel}","templated":true}]}}