{"id":6,"date":"2014-03-27T11:52:00","date_gmt":"2014-03-27T11:52:00","guid":{"rendered":"http:\/\/look15.nazwa.pl\/blog\/?p=6"},"modified":"2018-08-20T12:36:46","modified_gmt":"2018-08-20T12:36:46","slug":"minimalizm-na-obrazach-i-we-wnetrzach","status":"publish","type":"post","link":"https:\/\/vaku-dsgn.pl\/blog\/minimalizm-na-obrazach-i-we-wnetrzach\/","title":{"rendered":"Minimalizm na obrazach i we wn\u0119trzach"},"content":{"rendered":"<div style=\"text-align: justify;\">\n<div style=\"text-align: left;\">Minimalizm (zwany popularnie s\u0142owem &#8222;minimal&#8221; pochodz\u0105cym z j\u0119zyka angielskiego) to wszelkie dzie\u0142a sztuki, kt\u00f3re cechuje ascetyczna forma, pedantyczna precyzja wykonania oraz du\u017ce pole do interpretacji. Tyczy si\u0119 to r\u00f3wnie\u017c naszych obraz\u00f3w! Proste kszta\u0142ty &#8211; okr\u0119g\u00f3w, prostok\u0105t\u00f3w i kresek ubrane w schematyczn\u0105, przemy\u015blan\u0105 kompozycj\u0119 sprawiaj\u0105, \u017ce jeszcze bardziej przykuwaj\u0105 one nasz wzrok. Sw\u0105 uniwersaln\u0105 kolorystyk\u0105 opart\u0105 na czerni i bieli \u015bwietnie koresponduj\u0105 z ka\u017cdym wn\u0119trzem urz\u0105dzonym w minimalistycznym klimacie &#8211; tak\u017ce takim, w kt\u00f3rym w\u0142\u0105czono element naturalnego kamienia czy drewno. Cho\u0107 styl ten popularny by\u0142 w projektowaniu lat 60-tych, dzi\u015b powraca coraz cz\u0119\u015bciej do naszych wn\u0119trz &#8211; nadaj\u0105c im ton spokoju, medytacji czy kontemplacji &#8211; tak\u017ce w formie wydruk\u00f3w na p\u0142\u00f3tnie zdobi\u0105cych nasz salon czy sypialni\u0119. Poni\u017cej kilka przyk\u0142ad\u00f3w naszych minimalistycznych dzie\u0142 we wn\u0119trzach:<\/div>\n<div style=\"text-align: left;\"><\/div>\n<\/div>\n<div style=\"clear: both; text-align: center;\"><\/div>\n<div style=\"clear: both; text-align: center;\"><\/div>\n<table style=\"margin-left: auto; margin-right: auto; text-align: center;\" cellspacing=\"0\" cellpadding=\"0\" align=\"center\">\n<tbody>\n<tr>\n<td style=\"text-align: center;\"><a style=\"margin-left: auto; margin-right: auto;\"  href=\"http:\/\/look15.nazwa.pl\/blog\/wp-content\/uploads\/2014\/03\/00201-whd1.jpg\" data-rel=\"lightbox-gallery-0\" data-rl_title=\"\" data-rl_caption=\"\"><img loading=\"lazy\" title=\"\" src=\"http:\/\/look15.nazwa.pl\/blog\/wp-content\/uploads\/2014\/03\/00201-whd1.jpg\" alt=\"Minimalistyczny obraz oparty na zaz\u0119bionych okr\u0119gach, z delikatnie pozostawion\u0105 na brzegach przestrzeni\u0105 nawi\u0105zuj\u0105c\u0105 do passe-partout, idealnie kontrastuje z kamiennymi p\u0142ytkami na \u015bcianie, a nawi\u0105zuje do bieli wazonu oraz s\u0142ynnego fotela Barcelona. Wraz z drewnianym parkietem to kwintesencja minimalizmu.\" width=\"640\" height=\"480\" border=\"0\" \/><\/a><\/td>\n<\/tr>\n<tr>\n<td style=\"text-align: center;\">Minimalistyczny obraz oparty na zaz\u0119bionych okr\u0119gach, z delikatnie pozostawion\u0105 na brzegach przestrzeni\u0105 nawi\u0105zuj\u0105c\u0105 do passe-partout, idealnie kontrastuje z kamiennymi p\u0142ytkami na \u015bcianie, a nawi\u0105zuje do bieli wazonu oraz s\u0142ynnego fotela Barcelona. Wraz z drewnianym parkietem to kwintesencja minimalizmu.<\/td>\n<\/tr>\n<\/tbody>\n<\/table>\n<table style=\"margin-left: auto; margin-right: auto; text-align: center;\" cellspacing=\"0\" cellpadding=\"0\" align=\"center\">\n<tbody>\n<tr>\n<td style=\"text-align: center;\"><a style=\"margin-left: auto; margin-right: auto;\"  href=\"http:\/\/look15.nazwa.pl\/blog\/wp-content\/uploads\/2014\/03\/00201-whd3.jpg\" data-rel=\"lightbox-gallery-0\" data-rl_title=\"\" data-rl_caption=\"\"><img loading=\"lazy\" title=\"'zebra' ocieplaj\u0105 wizerunek minimalistycznego, sk\u0105panego w bieli wn\u0119trza, natomiast obraz nadaje mu klimat spokoju - krzes\u0142o ustawione w jego kierunku zach\u0119ca do chwili odpoczynku i refleksji nad jego prost\u0105 form\u0105. \" src=\"http:\/\/look15.nazwa.pl\/blog\/wp-content\/uploads\/2014\/03\/00201-whd3.jpg\" alt=\"\u015aciana no\u015bna w naszym mieszkaniu to idealne miejsce na eksponowanie obrazu. Drewniany parkiet i dywan typu 'zebra' ocieplaj\u0105 wizerunek minimalistycznego, sk\u0105panego w bieli wn\u0119trza, natomiast obraz nadaje mu klimat spokoju - krzes\u0142o ustawione w jego kierunku zach\u0119ca do chwili odpoczynku i refleksji nad jego prost\u0105 form\u0105. \" width=\"640\" height=\"480\" border=\"0\" \/><\/a><\/td>\n<\/tr>\n<tr>\n<td style=\"text-align: center;\">\u015aciana no\u015bna w naszym mieszkaniu to idealne miejsce na eksponowanie obrazu. Drewniany parkiet i dywan typu 'zebra&#8217; ocieplaj\u0105 wizerunek minimalistycznego, sk\u0105panego w bieli wn\u0119trza, natomiast obraz nadaje mu klimat spokoju &#8211; krzes\u0142o ustawione w jego kierunku zach\u0119ca do chwili odpoczynku i refleksji nad jego prost\u0105 form\u0105.<\/td>\n<\/tr>\n<\/tbody>\n<\/table>\n<table style=\"margin-left: auto; margin-right: auto; text-align: center;\" cellspacing=\"0\" cellpadding=\"0\" align=\"center\">\n<tbody>\n<tr>\n<td style=\"text-align: center;\"><a style=\"margin-left: auto; margin-right: auto;\"  href=\"http:\/\/look15.nazwa.pl\/blog\/wp-content\/uploads\/2014\/03\/00201-whd2.jpg\" data-rel=\"lightbox-gallery-0\" data-rl_title=\"\" data-rl_caption=\"\"><img loading=\"lazy\" title=\"'minimalu', kt\u00f3ry nie wprowadza \u017cadnego dodatkowego koloru na \u015bcianie - wydaje si\u0119 by\u0107 idealnym.\" src=\"http:\/\/look15.nazwa.pl\/blog\/wp-content\/uploads\/2014\/03\/00201-whd2.jpg\" alt=\"Je\u017celi posiadamy nowoczesne mieszkanie, kt\u00f3rego wystr\u00f3j oparty jest na czystej bieli, czerni i naturalnym br\u0105zie - wyb\u00f3r 'minimalu', kt\u00f3ry nie wprowadza \u017cadnego dodatkowego koloru na \u015bcianie - wydaje si\u0119 by\u0107 idealnym.\" width=\"640\" height=\"480\" border=\"0\" \/><\/a><\/td>\n<\/tr>\n<tr>\n<td style=\"text-align: center;\">Je\u017celi posiadamy nowoczesne mieszkanie, kt\u00f3rego wystr\u00f3j oparty jest na czystej bieli, czerni i naturalnym br\u0105zie &#8211; wyb\u00f3r 'minimalu&#8217;, kt\u00f3ry nie wprowadza \u017cadnego dodatkowego koloru na \u015bcianie &#8211; wydaje si\u0119 by\u0107 idealnym.<\/td>\n<\/tr>\n<\/tbody>\n<\/table>\n<table style=\"margin-left: auto; margin-right: auto; text-align: center;\" cellspacing=\"0\" cellpadding=\"0\" align=\"center\">\n<tbody>\n<tr>\n<td style=\"text-align: center;\"><a style=\"margin-left: auto; margin-right: auto;\"  href=\"http:\/\/look15.nazwa.pl\/blog\/wp-content\/uploads\/2014\/03\/00701-whd2.jpg\" data-rel=\"lightbox-gallery-0\" data-rl_title=\"\" data-rl_caption=\"\"><img loading=\"lazy\" title=\"\" src=\"http:\/\/look15.nazwa.pl\/blog\/wp-content\/uploads\/2014\/03\/00701-whd2.jpg\" alt=\"Czarno-bia\u0142y obraz na grafitowej \u015bcianie sk\u0105pany w popo\u0142udniowym s\u0142o\u0144cu. Idealnie prezentuje si\u0119 kontrastuj\u0105c sw\u0105 prostot\u0105 formy z szeroko zastosowanym kamieniem. \" width=\"640\" height=\"480\" border=\"0\" \/><\/a><\/td>\n<\/tr>\n<tr>\n<td style=\"text-align: center;\">Czarno-bia\u0142y obraz na grafitowej \u015bcianie sk\u0105pany w popo\u0142udniowym s\u0142o\u0144cu. Idealnie prezentuje si\u0119 kontrastuj\u0105c sw\u0105 prostot\u0105 formy z szeroko zastosowanym kamieniem.<\/td>\n<\/tr>\n<\/tbody>\n<\/table>\n<table style=\"margin-left: auto; margin-right: auto; text-align: center;\" cellspacing=\"0\" cellpadding=\"0\" align=\"center\">\n<tbody>\n<tr>\n<td style=\"text-align: center;\"><a style=\"margin-left: auto; margin-right: auto;\"  href=\"http:\/\/look15.nazwa.pl\/blog\/wp-content\/uploads\/2014\/03\/00701-whd1.jpg\" data-rel=\"lightbox-gallery-0\" data-rl_title=\"\" data-rl_caption=\"\"><img loading=\"lazy\" title=\"\" src=\"http:\/\/look15.nazwa.pl\/blog\/wp-content\/uploads\/2014\/03\/00701-whd1.jpg\" alt=\"Minimalistycznie zaprojektowana kuchnia. Jest ascetyczna forma mog\u0142aby przera\u017ca\u0107, gdyby nie ciep\u0142y akcent w postaci abstrakcyjnego obrazu na \u015bcianie w cz\u0119\u015bci jadalnej pomieszczenia.\" width=\"640\" height=\"480\" border=\"0\" \/><\/a><\/td>\n<\/tr>\n<tr>\n<td style=\"text-align: center;\">Minimalistycznie zaprojektowana kuchnia. Jest ascetyczna forma mog\u0142aby przera\u017ca\u0107, gdyby nie ciep\u0142y akcent w postaci abstrakcyjnego obrazu na \u015bcianie w cz\u0119\u015bci jadalnej pomieszczenia.<\/td>\n<\/tr>\n<\/tbody>\n<\/table>\n<table style=\"margin-left: auto; margin-right: auto; text-align: center;\" cellspacing=\"0\" cellpadding=\"0\" align=\"center\">\n<tbody>\n<tr>\n<td style=\"text-align: center;\"><a style=\"margin-left: auto; margin-right: auto;\"  href=\"http:\/\/look15.nazwa.pl\/blog\/wp-content\/uploads\/2014\/03\/00701-whd3.jpg\" data-rel=\"lightbox-gallery-0\" data-rl_title=\"\" data-rl_caption=\"\"><img loading=\"lazy\" title=\"\" src=\"http:\/\/look15.nazwa.pl\/blog\/wp-content\/uploads\/2014\/03\/00701-whd3.jpg\" alt=\"Obraz naszego projektu umieszczony centralnie na \u015bcianie no\u015bnej, dodatkowo podkre\u015blony o\u015bwietleniem sztucznym. Jego abstrakcyjny charakter mo\u017ce nada\u0107 ton k\u0105cika sztuki ka\u017cdemu wn\u0119trzu salonowemu.\" width=\"640\" height=\"480\" border=\"0\" \/><\/a><\/td>\n<\/tr>\n<tr>\n<td style=\"text-align: center;\">Obraz naszego projektu umieszczony centralnie na \u015bcianie no\u015bnej, dodatkowo podkre\u015blony o\u015bwietleniem sztucznym. Jego abstrakcyjny charakter mo\u017ce nada\u0107 ton k\u0105cika sztuki ka\u017cdemu wn\u0119trzu salonowemu.<\/td>\n<\/tr>\n<\/tbody>\n<\/table>\n<div style=\"clear: both; text-align: center;\"><\/div>\n<div style=\"text-align: justify;\"><span style=\"font-family: Arial, Helvetica, sans-serif; font-size: large;\"><br \/>\n<\/span>Przy okazji tak prostych form, warto wspomnie\u0107 o jako\u015bci ich wykonania. Mocne kontrasty na obrazach tego typu osi\u0105gamy dzi\u0119ki dw\u00f3m aspektom produkcji &#8211; to perfekcyjny druk oraz wysokiej jako\u015bci p\u0142\u00f3tno. Stosujemy wy\u0142\u0105cznie zestaw markowych, ekologicznych i bezwonnych tuszy technologii Ultrachrome K3 firmy EPSON, kt\u00f3ra gwarantuje fotograficzn\u0105 jako\u015b\u0107 wydruku i trwa\u0142o\u015b\u0107 kolor\u00f3w do 100 lat (wg danych producenta). Natomiast jako medium dla wydruku wykorzystujemy specjalnie do tego przeznaczone p\u0142\u00f3tno malarskie o wysokiej gramaturze i idealnym stopniu bieli. Ca\u0142o\u015b\u0107 prezentuje si\u0119 zawsze \u015bwietnie. Poni\u017cej kilka detali:<br \/>\n<span style=\"font-family: Arial, Helvetica, sans-serif; font-size: large;\"><br \/>\n<\/span><\/p>\n<table style=\"margin-left: auto; margin-right: auto; text-align: center;\" cellspacing=\"0\" cellpadding=\"0\" align=\"center\">\n<tbody>\n<tr>\n<td style=\"text-align: center;\"><a style=\"margin-left: auto; margin-right: auto;\"  href=\"http:\/\/look15.nazwa.pl\/blog\/wp-content\/uploads\/2014\/03\/detal.jpg\" data-rel=\"lightbox-gallery-0\" data-rl_title=\"\" data-rl_caption=\"\"><img loading=\"lazy\" title=\"\" src=\"http:\/\/look15.nazwa.pl\/blog\/wp-content\/uploads\/2014\/03\/detal.jpg\" alt=\"Detal wydruku na p\u0142\u00f3tnie oraz naro\u017cnika. Kliny napinaj\u0105ce sosnow\u0105 ram\u0119 oraz zbli\u017cenie na zawieszk\u0119 obrazu.\" width=\"640\" height=\"480\" border=\"0\" \/><\/a><\/td>\n<\/tr>\n<tr>\n<td style=\"text-align: center;\">Detal wydruku na p\u0142\u00f3tnie oraz naro\u017cnika. Kliny napinaj\u0105ce sosnow\u0105 ram\u0119 oraz zbli\u017cenie na zawieszk\u0119 obrazu.<span style=\"text-align: justify;\">\u00a0<\/span><\/td>\n<\/tr>\n<\/tbody>\n<\/table>\n<div style=\"clear: both; text-align: center;\"><\/div>\n<table style=\"margin-left: auto; margin-right: auto; text-align: center;\" cellspacing=\"0\" cellpadding=\"0\" align=\"center\">\n<tbody>\n<tr>\n<td style=\"text-align: center;\"><a style=\"margin-left: auto; margin-right: auto;\"  href=\"http:\/\/look15.nazwa.pl\/blog\/wp-content\/uploads\/2014\/03\/04601.jpg\" data-rel=\"lightbox-gallery-0\" data-rl_title=\"\" data-rl_caption=\"\"><img loading=\"lazy\" title=\"\" src=\"http:\/\/look15.nazwa.pl\/blog\/wp-content\/uploads\/2014\/03\/04601.jpg\" alt=\"Detal wydruku na p\u0142\u00f3tnie oraz naro\u017cnika. Kliny napinaj\u0105ce sosnow\u0105 ram\u0119 oraz zbli\u017cenie na zawieszk\u0119 obrazu.\" width=\"640\" height=\"480\" border=\"0\" \/><\/a><\/td>\n<\/tr>\n<tr>\n<td style=\"text-align: center;\">Detal wydruku na p\u0142\u00f3tnie oraz naro\u017cnika. Kliny napinaj\u0105ce sosnow\u0105 ram\u0119 oraz zbli\u017cenie na zawieszk\u0119 obrazu.<\/td>\n<\/tr>\n<\/tbody>\n<\/table>\n<\/div>\n","protected":false},"excerpt":{"rendered":"<p>Minimalizm (zwany popularnie s\u0142owem &#8222;minimal&#8221; pochodz\u0105cym z j\u0119zyka angielskiego) to wszelkie dzie\u0142a sztuki, kt\u00f3re cechuje ascetyczna forma, pedantyczna precyzja wykonania oraz du\u017ce pole do interpretacji. Tyczy si\u0119 to&#8230;<\/p>\n","protected":false},"author":1,"featured_media":2973,"comment_status":"open","ping_status":"open","sticky":false,"template":"","format":"standard","meta":{"jetpack_publicize_message":"","jetpack_is_tweetstorm":false,"jetpack_publicize_feature_enabled":true},"categories":[762],"tags":[40,10,17,13,16,21,20,43,8,22,41,9],"jetpack_publicize_connections":[],"yoast_head":"<!-- This site is optimized with the Yoast SEO plugin v19.6 - https:\/\/yoast.com\/wordpress\/plugins\/seo\/ -->\n<title>Minimalizm na obrazach i we wn\u0119trzach - Blog wn\u0119trzarski | VAKU-DSGN<\/title>\n<meta name=\"robots\" content=\"index, follow, max-snippet:-1, max-image-preview:large, max-video-preview:-1\" \/>\n<link rel=\"canonical\" href=\"https:\/\/vaku-dsgn.pl\/blog\/minimalizm-na-obrazach-i-we-wnetrzach\/\" \/>\n<meta property=\"og:locale\" content=\"pl_PL\" \/>\n<meta property=\"og:type\" content=\"article\" \/>\n<meta property=\"og:title\" content=\"Minimalizm na obrazach i we wn\u0119trzach - Blog wn\u0119trzarski | VAKU-DSGN\" \/>\n<meta property=\"og:description\" content=\"Minimalizm (zwany popularnie s\u0142owem &#8222;minimal&#8221; pochodz\u0105cym z j\u0119zyka angielskiego) to wszelkie dzie\u0142a sztuki, kt\u00f3re cechuje ascetyczna forma, pedantyczna precyzja wykonania oraz du\u017ce pole do interpretacji. Tyczy si\u0119 to...\" \/>\n<meta property=\"og:url\" content=\"https:\/\/vaku-dsgn.pl\/blog\/minimalizm-na-obrazach-i-we-wnetrzach\/\" \/>\n<meta property=\"og:site_name\" content=\"Blog wn\u0119trzarski | VAKU-DSGN\" \/>\n<meta property=\"article:published_time\" content=\"2014-03-27T11:52:00+00:00\" \/>\n<meta property=\"article:modified_time\" content=\"2018-08-20T12:36:46+00:00\" \/>\n<meta property=\"og:image\" content=\"https:\/\/vaku-dsgn.pl\/blog\/wp-content\/uploads\/2014\/03\/trendy-2018-76.png\" \/>\n\t<meta property=\"og:image:width\" content=\"940\" \/>\n\t<meta property=\"og:image:height\" content=\"788\" \/>\n\t<meta property=\"og:image:type\" content=\"image\/png\" \/>\n<meta name=\"author\" content=\"vaku-dsgn\" \/>\n<meta name=\"twitter:card\" content=\"summary_large_image\" \/>\n<meta name=\"twitter:label1\" content=\"Napisane przez\" \/>\n\t<meta name=\"twitter:data1\" content=\"vaku-dsgn\" \/>\n\t<meta name=\"twitter:label2\" content=\"Szacowany czas czytania\" \/>\n\t<meta name=\"twitter:data2\" content=\"3 minuty\" \/>\n<script type=\"application\/ld+json\" class=\"yoast-schema-graph\">{\"@context\":\"https:\/\/schema.org\",\"@graph\":[{\"@type\":\"WebPage\",\"@id\":\"https:\/\/vaku-dsgn.pl\/blog\/minimalizm-na-obrazach-i-we-wnetrzach\/\",\"url\":\"https:\/\/vaku-dsgn.pl\/blog\/minimalizm-na-obrazach-i-we-wnetrzach\/\",\"name\":\"Minimalizm na obrazach i we wn\u0119trzach - Blog wn\u0119trzarski | VAKU-DSGN\",\"isPartOf\":{\"@id\":\"https:\/\/vaku-dsgn.pl\/blog\/#website\"},\"datePublished\":\"2014-03-27T11:52:00+00:00\",\"dateModified\":\"2018-08-20T12:36:46+00:00\",\"author\":{\"@id\":\"https:\/\/vaku-dsgn.pl\/blog\/#\/schema\/person\/7e526591f045b0b95af3cd3b4ebd86d4\"},\"breadcrumb\":{\"@id\":\"https:\/\/vaku-dsgn.pl\/blog\/minimalizm-na-obrazach-i-we-wnetrzach\/#breadcrumb\"},\"inLanguage\":\"pl-PL\",\"potentialAction\":[{\"@type\":\"ReadAction\",\"target\":[\"https:\/\/vaku-dsgn.pl\/blog\/minimalizm-na-obrazach-i-we-wnetrzach\/\"]}]},{\"@type\":\"BreadcrumbList\",\"@id\":\"https:\/\/vaku-dsgn.pl\/blog\/minimalizm-na-obrazach-i-we-wnetrzach\/#breadcrumb\",\"itemListElement\":[{\"@type\":\"ListItem\",\"position\":1,\"name\":\"Strona g\u0142\u00f3wna\",\"item\":\"https:\/\/vaku-dsgn.pl\/blog\/\"},{\"@type\":\"ListItem\",\"position\":2,\"name\":\"Minimalizm na obrazach i we wn\u0119trzach\"}]},{\"@type\":\"WebSite\",\"@id\":\"https:\/\/vaku-dsgn.pl\/blog\/#website\",\"url\":\"https:\/\/vaku-dsgn.pl\/blog\/\",\"name\":\"Blog wn\u0119trzarski | VAKU-DSGN\",\"description\":\"Wystr\u00f3j wn\u0119trz, design, inspiracje, DIY\",\"potentialAction\":[{\"@type\":\"SearchAction\",\"target\":{\"@type\":\"EntryPoint\",\"urlTemplate\":\"https:\/\/vaku-dsgn.pl\/blog\/?s={search_term_string}\"},\"query-input\":\"required name=search_term_string\"}],\"inLanguage\":\"pl-PL\"},{\"@type\":\"Person\",\"@id\":\"https:\/\/vaku-dsgn.pl\/blog\/#\/schema\/person\/7e526591f045b0b95af3cd3b4ebd86d4\",\"name\":\"vaku-dsgn\",\"image\":{\"@type\":\"ImageObject\",\"inLanguage\":\"pl-PL\",\"@id\":\"https:\/\/vaku-dsgn.pl\/blog\/#\/schema\/person\/image\/\",\"url\":\"https:\/\/secure.gravatar.com\/avatar\/5fba4d62872d676344a239bcb19c1f51?s=96&d=mm&r=g\",\"contentUrl\":\"https:\/\/secure.gravatar.com\/avatar\/5fba4d62872d676344a239bcb19c1f51?s=96&d=mm&r=g\",\"caption\":\"vaku-dsgn\"},\"sameAs\":[\"http:\/\/www.vaku-dsgn.pl\"],\"url\":\"https:\/\/vaku-dsgn.pl\/blog\/author\/vaku-dsgn\/\"}]}<\/script>\n<!-- \/ Yoast SEO plugin. -->","yoast_head_json":{"title":"Minimalizm na obrazach i we wn\u0119trzach - Blog wn\u0119trzarski | VAKU-DSGN","robots":{"index":"index","follow":"follow","max-snippet":"max-snippet:-1","max-image-preview":"max-image-preview:large","max-video-preview":"max-video-preview:-1"},"canonical":"https:\/\/vaku-dsgn.pl\/blog\/minimalizm-na-obrazach-i-we-wnetrzach\/","og_locale":"pl_PL","og_type":"article","og_title":"Minimalizm na obrazach i we wn\u0119trzach - Blog wn\u0119trzarski | VAKU-DSGN","og_description":"Minimalizm (zwany popularnie s\u0142owem &#8222;minimal&#8221; pochodz\u0105cym z j\u0119zyka angielskiego) to wszelkie dzie\u0142a sztuki, kt\u00f3re cechuje ascetyczna forma, pedantyczna precyzja wykonania oraz du\u017ce pole do interpretacji. Tyczy si\u0119 to...","og_url":"https:\/\/vaku-dsgn.pl\/blog\/minimalizm-na-obrazach-i-we-wnetrzach\/","og_site_name":"Blog wn\u0119trzarski | VAKU-DSGN","article_published_time":"2014-03-27T11:52:00+00:00","article_modified_time":"2018-08-20T12:36:46+00:00","og_image":[{"width":940,"height":788,"url":"https:\/\/vaku-dsgn.pl\/blog\/wp-content\/uploads\/2014\/03\/trendy-2018-76.png","type":"image\/png"}],"author":"vaku-dsgn","twitter_card":"summary_large_image","twitter_misc":{"Napisane przez":"vaku-dsgn","Szacowany czas czytania":"3 minuty"},"schema":{"@context":"https:\/\/schema.org","@graph":[{"@type":"WebPage","@id":"https:\/\/vaku-dsgn.pl\/blog\/minimalizm-na-obrazach-i-we-wnetrzach\/","url":"https:\/\/vaku-dsgn.pl\/blog\/minimalizm-na-obrazach-i-we-wnetrzach\/","name":"Minimalizm na obrazach i we wn\u0119trzach - Blog wn\u0119trzarski | VAKU-DSGN","isPartOf":{"@id":"https:\/\/vaku-dsgn.pl\/blog\/#website"},"datePublished":"2014-03-27T11:52:00+00:00","dateModified":"2018-08-20T12:36:46+00:00","author":{"@id":"https:\/\/vaku-dsgn.pl\/blog\/#\/schema\/person\/7e526591f045b0b95af3cd3b4ebd86d4"},"breadcrumb":{"@id":"https:\/\/vaku-dsgn.pl\/blog\/minimalizm-na-obrazach-i-we-wnetrzach\/#breadcrumb"},"inLanguage":"pl-PL","potentialAction":[{"@type":"ReadAction","target":["https:\/\/vaku-dsgn.pl\/blog\/minimalizm-na-obrazach-i-we-wnetrzach\/"]}]},{"@type":"BreadcrumbList","@id":"https:\/\/vaku-dsgn.pl\/blog\/minimalizm-na-obrazach-i-we-wnetrzach\/#breadcrumb","itemListElement":[{"@type":"ListItem","position":1,"name":"Strona g\u0142\u00f3wna","item":"https:\/\/vaku-dsgn.pl\/blog\/"},{"@type":"ListItem","position":2,"name":"Minimalizm na obrazach i we wn\u0119trzach"}]},{"@type":"WebSite","@id":"https:\/\/vaku-dsgn.pl\/blog\/#website","url":"https:\/\/vaku-dsgn.pl\/blog\/","name":"Blog wn\u0119trzarski | VAKU-DSGN","description":"Wystr\u00f3j wn\u0119trz, design, inspiracje, DIY","potentialAction":[{"@type":"SearchAction","target":{"@type":"EntryPoint","urlTemplate":"https:\/\/vaku-dsgn.pl\/blog\/?s={search_term_string}"},"query-input":"required name=search_term_string"}],"inLanguage":"pl-PL"},{"@type":"Person","@id":"https:\/\/vaku-dsgn.pl\/blog\/#\/schema\/person\/7e526591f045b0b95af3cd3b4ebd86d4","name":"vaku-dsgn","image":{"@type":"ImageObject","inLanguage":"pl-PL","@id":"https:\/\/vaku-dsgn.pl\/blog\/#\/schema\/person\/image\/","url":"https:\/\/secure.gravatar.com\/avatar\/5fba4d62872d676344a239bcb19c1f51?s=96&d=mm&r=g","contentUrl":"https:\/\/secure.gravatar.com\/avatar\/5fba4d62872d676344a239bcb19c1f51?s=96&d=mm&r=g","caption":"vaku-dsgn"},"sameAs":["http:\/\/www.vaku-dsgn.pl"],"url":"https:\/\/vaku-dsgn.pl\/blog\/author\/vaku-dsgn\/"}]}},"jetpack_featured_media_url":"https:\/\/vaku-dsgn.pl\/blog\/wp-content\/uploads\/2014\/03\/trendy-2018-76.png","jetpack_sharing_enabled":true,"jetpack_shortlink":"https:\/\/wp.me\/p82XUN-6","_links":{"self":[{"href":"https:\/\/vaku-dsgn.pl\/blog\/wp-json\/wp\/v2\/posts\/6"}],"collection":[{"href":"https:\/\/vaku-dsgn.pl\/blog\/wp-json\/wp\/v2\/posts"}],"about":[{"href":"https:\/\/vaku-dsgn.pl\/blog\/wp-json\/wp\/v2\/types\/post"}],"author":[{"embeddable":true,"href":"https:\/\/vaku-dsgn.pl\/blog\/wp-json\/wp\/v2\/users\/1"}],"replies":[{"embeddable":true,"href":"https:\/\/vaku-dsgn.pl\/blog\/wp-json\/wp\/v2\/comments?post=6"}],"version-history":[{"count":3,"href":"https:\/\/vaku-dsgn.pl\/blog\/wp-json\/wp\/v2\/posts\/6\/revisions"}],"predecessor-version":[{"id":270,"href":"https:\/\/vaku-dsgn.pl\/blog\/wp-json\/wp\/v2\/posts\/6\/revisions\/270"}],"wp:featuredmedia":[{"embeddable":true,"href":"https:\/\/vaku-dsgn.pl\/blog\/wp-json\/wp\/v2\/media\/2973"}],"wp:attachment":[{"href":"https:\/\/vaku-dsgn.pl\/blog\/wp-json\/wp\/v2\/media?parent=6"}],"wp:term":[{"taxonomy":"category","embeddable":true,"href":"https:\/\/vaku-dsgn.pl\/blog\/wp-json\/wp\/v2\/categories?post=6"},{"taxonomy":"post_tag","embeddable":true,"href":"https:\/\/vaku-dsgn.pl\/blog\/wp-json\/wp\/v2\/tags?post=6"}],"curies":[{"name":"wp","href":"https:\/\/api.w.org\/{rel}","templated":true}]}}