{"id":4709,"date":"2022-09-13T11:36:30","date_gmt":"2022-09-13T11:36:30","guid":{"rendered":"https:\/\/vaku-dsgn.pl\/blog\/?p=4709"},"modified":"2022-09-13T11:36:30","modified_gmt":"2022-09-13T11:36:30","slug":"sprawdzamy-czy-trendy-modowe-moga-byc-inspiracja-dla-projektowania-wnetrz","status":"publish","type":"post","link":"https:\/\/vaku-dsgn.pl\/blog\/sprawdzamy-czy-trendy-modowe-moga-byc-inspiracja-dla-projektowania-wnetrz\/","title":{"rendered":"Sprawdzamy, czy trendy modowe mog\u0105 by\u0107 inspiracj\u0105 dla projektowania wn\u0119trz"},"content":{"rendered":"<h2 style=\"text-align: center;\">Moda i dekoracja wn\u0119trz &#8211; czy mo\u017cna to po\u0142\u0105czy\u0107?<\/h2>\n<p style=\"text-align: justify;\">Czy <strong>wystr\u00f3j wn\u0119trz<\/strong> mo\u017ce i\u015b\u0107 w parze z trendami najwi\u0119kszych dom\u00f3w mody na \u015bwiecie? Okazuje si\u0119, \u017ce tak! Co wi\u0119cej, trend ten ro\u015bnie w si\u0142\u0119 i staje si\u0119 coraz bardziej popularny. Nic dziwnego, \u017ce znane nazwiska projektant\u00f3w i luksusowy charakter promowanych przez nich marek wychodzi o krok dalej i zaczyna szuka\u0107 odbiorc\u00f3w swoich ekskluzywnych wyrob\u00f3w na nowych rynkach. W dzisiejszym artykule postaramy przedstawi\u0107 Wam kr\u00f3tki przegl\u0105d kultowych <strong>projektant\u00f3w mody<\/strong>, kt\u00f3rzy stali si\u0119 prekursorami tego trendu. Sprawdzimy, czy trendy modowe mog\u0105 by\u0107 inspiracj\u0105 dla <strong>projektowania wn\u0119trz<\/strong>.<\/p>\n<h3 style=\"text-align: center;\">Pierre Cardin i jego pasja do projektowania wn\u0119trz<\/h3>\n<p style=\"text-align: justify;\">Jednym z najbardziej znanych projektant\u00f3w mody, kt\u00f3ry spr\u00f3bowa\u0142 swoich si\u0142 w bran\u017cy dekoracji wn\u0119trz, by\u0142 <strong>Pierre Cardin<\/strong>. Ten francuski projektant w\u0142oskiego pochodzenia studiowa\u0142 nawet swojego czasu architektur\u0119. Ostatecznie jednak jego serce skrad\u0142o krawiectwo, kt\u00f3re doskonali\u0142 pod skrzyd\u0142ami <strong>Christiana Diora<\/strong>. Artystyczny sznyt wypracowa\u0142 w nim r\u00f3wnie\u017c <strong>Salvador Dali<\/strong>, kt\u00f3ry by\u0142 jego artystycznym przewodnikiem. <strong>Pierre Cardin<\/strong>, cho\u0107 wi\u0119kszo\u015b\u0107 \u017cycia odda\u0142 projektowaniu mody, wda\u0142 si\u0119 r\u00f3wnie\u017c w romans ze wspomnian\u0105 architektur\u0105. Projektowa\u0142 meble awangardowe w swej formie, dla kt\u00f3rych inspiracj\u0105 by\u0142y jego wcze\u015bniejsze projekty, zaczerpni\u0119te ze \u015bwiata mody. W skutek tego powsta\u0142y liczne projekty m.in. siedzisk i kom\u00f3d, kt\u00f3re charakteryzowa\u0142y mocne, zdecydowane kolory, geometryczne kszta\u0142ty i ostro zaznaczone linie.<\/p>\n<p><iframe loading=\"lazy\" src=\"https:\/\/assets.pinterest.com\/ext\/embed.html?id=160229699231633741\" width=\"600\" height=\"700\" frameborder=\"0\" scrolling=\"no\"><\/iframe><\/p>\n<p style=\"text-align: justify;\">Cho\u0107 <strong>Pierre Cardin<\/strong> zas\u0142yn\u0105\u0142 swoj\u0105 dzia\u0142alno\u015bci\u0105 na rzecz <strong>dekoracji wn\u0119trz<\/strong>, jego projekty w du\u017cej mierze by\u0142y ma\u0142o u\u017cytkowe. W wi\u0119kszo\u015bci prezentowane by\u0142y na licznych wystawach po\u015bwi\u0119conych w\u0142a\u015bnie tej tw\u00f3rczo\u015bci. To jednak nie powstrzymywa\u0142o artysty przed dalszym zg\u0142\u0119bianiu si\u0119 tej pasji. Twierdzi\u0142 bowiem, \u017ce fascynuje go sama kreacja, nie d\u0105\u017cy on za mod\u0105 na o\u015blep. Zauroczenie projektanta architektur\u0105 i pasj\u0119 do projektowania wn\u0119trz dojrze\u0107 mo\u017cna r\u00f3wnie\u017c w jego \u017cyciu prywatnym. Sam zamieszka\u0142 w futurystycznym domu, zwanym <a href=\"https:\/\/lazurowyprzewodnik.pl\/palais-bulles-pierre-cardin\/\"><em>&#8222;B\u0105belkowym pa\u0142acem&#8221;<\/em><\/a>, kt\u00f3ry jest swoistym dzie\u0142em sztuki wykorzystywanym jako t\u0142o do licznych sesji zdj\u0119ciowych i teledysk\u00f3w.\u00a0 Obecnie dom mody zmar\u0142ego ju\u017c projektanta poszerzy\u0142 ofert\u0119 o lini\u0119 dla domu,\u00a0 w kt\u00f3rej odnale\u017a\u0107 mo\u017cemy tekstylia i sprz\u0119ty u\u017cytkowe oraz dekoracyjne.<\/p>\n<p><iframe loading=\"lazy\" src=\"https:\/\/assets.pinterest.com\/ext\/embed.html?id=2181499809947412\" width=\"600\" height=\"999\" frameborder=\"0\" scrolling=\"no\"><\/iframe><\/p>\n<h3 style=\"text-align: center;\">Versace &#8211; dom to tak\u017ce moda<\/h3>\n<p style=\"text-align: justify;\">Drugim z projektant\u00f3w, kt\u00f3rego cechowa\u0142 umys\u0142 o szerokich horyzontach artystycznych by\u0142 <strong>Gianni Versace<\/strong>. Wizyt\u00f3wk\u0105 jego fascynacji \u015bwiatem <strong>dekoracji wn\u0119trz<\/strong> jest willa <em><a href=\"https:\/\/vmmiamibeach.com\/\">Casa Casuarina<\/a><\/em> w Miami. Budynek, kt\u00f3ry urzek\u0142 projektanta w latach dziewi\u0119\u0107dziesi\u0105tych sta\u0142 si\u0119 nied\u0142ugo potem jego domem. Dzie\u0142o architektury wsp\u00f3\u0142czesnej, kt\u00f3rego powstanie datuje si\u0119 na lata trzydzieste ubieg\u0142ego wieku, Giovanni postanowi\u0142 udekorowa\u0107 wed\u0142ug w\u0142asnego gustu i upodoba\u0144. Sprowadzi\u0142 do niego sporo mebli z jego osobistej kolekcji, a same wn\u0119trza s\u0105 bardzo kolorowe i wzorzyste. Na pod\u0142ogach i \u015bcianach u\u0142o\u017cone s\u0105 liczne mozaiki, a cech\u0105 charakterystyczn\u0105 wystroju jest rzadko spotykany niebieski marmur. Obecnie willa pe\u0142ni funkcj\u0119 hotelu w kt\u00f3rym zachowana jest znaczna cz\u0119\u015b\u0107 jego autentycznego wystroju.<\/p>\n<p><iframe loading=\"lazy\" src=\"https:\/\/assets.pinterest.com\/ext\/embed.html?id=447193438006406338\" width=\"600\" height=\"999\" frameborder=\"0\" scrolling=\"no\"><\/iframe><\/p>\n<p style=\"text-align: justify;\">Pasja do dekoracji wn\u0119trz prze\u0142o\u017cy\u0142a si\u0119 na ga\u0142\u0105\u017a dzia\u0142alno\u015bci biznesowej domu mody <strong>Versace<\/strong>. Obecnie mo\u017cemy podziwia\u0107 szeroki wachlarz dodatk\u00f3w do domu sygnowanych mianem <a href=\"https:\/\/www.versace.com\/eu\/en\/home-decor\/\"><em>Versace Home Collection<\/em><\/a>. W\u015br\u00f3d nich znajdziemy takie dodatki jak talerze i kubki, wazony, poduszki dekoracyjne, r\u0119czniki czy okleiny \u015bcienne. Ka\u017cdy produkt s\u0142ynie z charakterystycznych dla <strong>Versace<\/strong> wzor\u00f3w i mocno zaznaczonego logotypu marki.<\/p>\n<p><iframe loading=\"lazy\" src=\"https:\/\/assets.pinterest.com\/ext\/embed.html?id=307933693276664412\" width=\"600\" height=\"943\" frameborder=\"0\" scrolling=\"no\"><\/iframe><\/p>\n<h3 style=\"text-align: center;\">Giorgio Armani &#8211; architektoniczny geniusz?<\/h3>\n<p style=\"text-align: justify;\">Trzeci, a zarazem ostatni z projektant\u00f3w, przy tw\u00f3rczo\u015bci kt\u00f3rego chcieliby\u015bmy si\u0119 zatrzyma\u0107 nieco d\u0142u\u017cej jest <strong>Giorgio Armani<\/strong>. Zainteresowanie architektur\u0105 i dekoracj\u0105 wn\u0119trz tego tw\u00f3rcy odbi\u0142o si\u0119 szerokim echem na ca\u0142ym \u015bwiecie. Przygoda z <strong>dekoracj\u0105 wn\u0119trz<\/strong> rozpocz\u0119\u0142a si\u0119 w roku 1982, kiedy to <strong>Armani<\/strong> zaprojektowa\u0142 pierwsz\u0105 lamp\u0119 w kszta\u0142cie swojego logo. Obecnie mo\u017cemy podziwia\u0107 szereg budynk\u00f3w i wn\u0119trz zaprojektowanych przez <a href=\"https:\/\/www.armani.com\/en-us\/experience\/armani-casa\">Armaniego<\/a>, w\u015br\u00f3d kt\u00f3rych najbardziej znanym jest <em>hotel w Dubaju<\/em>, kt\u00f3ry wyszed\u0142 spod kreski samego kreatora mody.<\/p>\n<p><iframe loading=\"lazy\" src=\"https:\/\/assets.pinterest.com\/ext\/embed.html?id=815714551271100646\" width=\"600\" height=\"912\" frameborder=\"0\" scrolling=\"no\"><\/iframe><\/p>\n<p style=\"text-align: justify;\">Stworzy\u0142 on r\u00f3wnie\u017c brand <a href=\"https:\/\/www.armani.com\/en-us\/experience\/armani-casa\"><em>Armani\/Casa<\/em><\/a>. Istniej\u0105ca ju\u017c od ponad 20 lat firma sprzedaje i wynajmuje luksusowe apartamenty, kt\u00f3re w du\u017cej mierze projektowane by\u0142y przez samego <strong>Armaniego<\/strong>. Opr\u00f3cz tego firma zajmuje si\u0119 sprzeda\u017c\u0105 i dystrybucj\u0105 luksusowej linii wyposa\u017cenia wn\u0119trz. Kolekcje mebli i dodatk\u00f3w z linii <strong>Armani\/Casa<\/strong> charakteryzuje wyrafinowana perfekcja. Poszczeg\u00f3lne elementy kolekcji z nut\u0105 wirtuozji \u0142\u0105cz\u0105 si\u0119 w sp\u00f3jn\u0105 ca\u0142o\u015b\u0107, kt\u00f3ra pozwala cieszy\u0107 si\u0119 wn\u0119trzem o nienagannym stylu.<\/p>\n<p><iframe loading=\"lazy\" src=\"https:\/\/assets.pinterest.com\/ext\/embed.html?id=84020349288304053\" width=\"600\" height=\"850\" frameborder=\"0\" scrolling=\"no\"><\/iframe><\/p>\n<h3 style=\"text-align: center;\">Czy romans architektury z mod\u0105 to chwilowa fascynacja?<\/h3>\n<p style=\"text-align: justify;\"><a href=\"https:\/\/vaku-dsgn.pl\/sklep\/obrazy-dla-niej\/3212-haute-couture-nowoczesny-obraz-na-plotnie-120x80-cm.html\">Powi\u0105za\u0144 \u015bwiata mody z bran\u017c\u0105 dekoracji wn\u0119trz<\/a> odnale\u017a\u0107 mo\u017cemy o wiele wi\u0119cej. Opr\u00f3cz wspomnianych projektant\u00f3w zainteresowanie tematem odnale\u017a\u0107 mo\u017cemy w tw\u00f3rczo\u015bci takich brand\u00f3w jak <em>Gucci, Fendi, Moschino<\/em> czy <em>Hermes<\/em>. Na rodzimym rynku zainteresowanie dekoracj\u0105 wn\u0119trz dostrzec mo\u017cemy w dzia\u0142alno\u015bci <em>Evy Minge<\/em> czy <em>Macieja Zienia<\/em>. Ca\u0142\u0105 dzia\u0142alno\u015b\u0107 \u015bmietanki projektant\u00f3w, kt\u00f3rzy odnale\u017ali si\u0119 w \u015bwiecie dekoracji wn\u0119trz skwitowa\u0107 mo\u017cna znamiennym cytatem <strong>Coco Chanel<\/strong>: <em>&#8222;Moda przemija, styl pozostaje&#8221;<\/em>, co z du\u017c\u0105 doz\u0105 \u015bmia\u0142o\u015bci przek\u0142ada si\u0119 na uniwersalno\u015b\u0107 styli wn\u0119trzarskich, kt\u00f3re pozostaj\u0105 we wn\u0119trzach na o wiele d\u0142u\u017cej ni\u017c sukienka w szafie, kupiona pod chwil\u0105 s\u0142abo\u015bci do aktualnie rz\u0105dz\u0105cych trend\u00f3w modowych.<\/p>\n","protected":false},"excerpt":{"rendered":"<p>Moda i dekoracja wn\u0119trz &#8211; czy mo\u017cna to po\u0142\u0105czy\u0107? Czy wystr\u00f3j wn\u0119trz mo\u017ce i\u015b\u0107 w parze z trendami najwi\u0119kszych dom\u00f3w mody na \u015bwiecie? Okazuje si\u0119, \u017ce tak! Co&#8230;<\/p>\n","protected":false},"author":1,"featured_media":4726,"comment_status":"open","ping_status":"open","sticky":false,"template":"","format":"standard","meta":{"jetpack_publicize_message":"","jetpack_is_tweetstorm":false,"jetpack_publicize_feature_enabled":true},"categories":[760],"tags":[1188,1179,1180,1181,239,1185,1182,1186,1187,1178,1172,1174,1175,1177,1176,362,1173,971,1184,1183,56],"jetpack_publicize_connections":[],"yoast_head":"<!-- This site is optimized with the Yoast SEO plugin v19.6 - https:\/\/yoast.com\/wordpress\/plugins\/seo\/ -->\n<title>Moda inspiracj\u0105 dla projektowania wn\u0119trz<\/title>\n<meta name=\"description\" content=\"Moda inspiracj\u0105 dla projektowania wn\u0119trz - kultowi projektanci wn\u0119trz i ich dzia\u0142alno\u015b\u0107 zwi\u0105zana z bran\u017c\u0105 dekoracji wn\u0119trz.\" \/>\n<meta name=\"robots\" content=\"index, follow, max-snippet:-1, max-image-preview:large, max-video-preview:-1\" \/>\n<link rel=\"canonical\" href=\"https:\/\/vaku-dsgn.pl\/blog\/sprawdzamy-czy-trendy-modowe-moga-byc-inspiracja-dla-projektowania-wnetrz\/\" \/>\n<meta property=\"og:locale\" content=\"pl_PL\" \/>\n<meta property=\"og:type\" content=\"article\" \/>\n<meta property=\"og:title\" content=\"Moda inspiracj\u0105 dla projektowania wn\u0119trz\" \/>\n<meta property=\"og:description\" content=\"Moda inspiracj\u0105 dla projektowania wn\u0119trz - kultowi projektanci wn\u0119trz i ich dzia\u0142alno\u015b\u0107 zwi\u0105zana z bran\u017c\u0105 dekoracji wn\u0119trz.\" \/>\n<meta property=\"og:url\" content=\"https:\/\/vaku-dsgn.pl\/blog\/sprawdzamy-czy-trendy-modowe-moga-byc-inspiracja-dla-projektowania-wnetrz\/\" \/>\n<meta property=\"og:site_name\" content=\"Blog wn\u0119trzarski | VAKU-DSGN\" \/>\n<meta property=\"article:published_time\" content=\"2022-09-13T11:36:30+00:00\" \/>\n<meta property=\"og:image\" content=\"https:\/\/vaku-dsgn.pl\/blog\/wp-content\/uploads\/2022\/05\/55.png\" \/>\n\t<meta property=\"og:image:width\" content=\"940\" \/>\n\t<meta property=\"og:image:height\" content=\"788\" \/>\n\t<meta property=\"og:image:type\" content=\"image\/png\" \/>\n<meta name=\"author\" content=\"vaku-dsgn\" \/>\n<meta name=\"twitter:card\" content=\"summary_large_image\" \/>\n<meta name=\"twitter:label1\" content=\"Napisane przez\" \/>\n\t<meta name=\"twitter:data1\" content=\"vaku-dsgn\" \/>\n\t<meta name=\"twitter:label2\" content=\"Szacowany czas czytania\" \/>\n\t<meta name=\"twitter:data2\" content=\"5 minut\" \/>\n<script type=\"application\/ld+json\" class=\"yoast-schema-graph\">{\"@context\":\"https:\/\/schema.org\",\"@graph\":[{\"@type\":\"WebPage\",\"@id\":\"https:\/\/vaku-dsgn.pl\/blog\/sprawdzamy-czy-trendy-modowe-moga-byc-inspiracja-dla-projektowania-wnetrz\/\",\"url\":\"https:\/\/vaku-dsgn.pl\/blog\/sprawdzamy-czy-trendy-modowe-moga-byc-inspiracja-dla-projektowania-wnetrz\/\",\"name\":\"Moda inspiracj\u0105 dla projektowania wn\u0119trz\",\"isPartOf\":{\"@id\":\"https:\/\/vaku-dsgn.pl\/blog\/#website\"},\"datePublished\":\"2022-09-13T11:36:30+00:00\",\"dateModified\":\"2022-09-13T11:36:30+00:00\",\"author\":{\"@id\":\"https:\/\/vaku-dsgn.pl\/blog\/#\/schema\/person\/7e526591f045b0b95af3cd3b4ebd86d4\"},\"description\":\"Moda inspiracj\u0105 dla projektowania wn\u0119trz - kultowi projektanci wn\u0119trz i ich dzia\u0142alno\u015b\u0107 zwi\u0105zana z bran\u017c\u0105 dekoracji wn\u0119trz.\",\"breadcrumb\":{\"@id\":\"https:\/\/vaku-dsgn.pl\/blog\/sprawdzamy-czy-trendy-modowe-moga-byc-inspiracja-dla-projektowania-wnetrz\/#breadcrumb\"},\"inLanguage\":\"pl-PL\",\"potentialAction\":[{\"@type\":\"ReadAction\",\"target\":[\"https:\/\/vaku-dsgn.pl\/blog\/sprawdzamy-czy-trendy-modowe-moga-byc-inspiracja-dla-projektowania-wnetrz\/\"]}]},{\"@type\":\"BreadcrumbList\",\"@id\":\"https:\/\/vaku-dsgn.pl\/blog\/sprawdzamy-czy-trendy-modowe-moga-byc-inspiracja-dla-projektowania-wnetrz\/#breadcrumb\",\"itemListElement\":[{\"@type\":\"ListItem\",\"position\":1,\"name\":\"Strona g\u0142\u00f3wna\",\"item\":\"https:\/\/vaku-dsgn.pl\/blog\/\"},{\"@type\":\"ListItem\",\"position\":2,\"name\":\"Sprawdzamy, czy trendy modowe mog\u0105 by\u0107 inspiracj\u0105 dla projektowania wn\u0119trz\"}]},{\"@type\":\"WebSite\",\"@id\":\"https:\/\/vaku-dsgn.pl\/blog\/#website\",\"url\":\"https:\/\/vaku-dsgn.pl\/blog\/\",\"name\":\"Blog wn\u0119trzarski | VAKU-DSGN\",\"description\":\"Wystr\u00f3j wn\u0119trz, design, inspiracje, DIY\",\"potentialAction\":[{\"@type\":\"SearchAction\",\"target\":{\"@type\":\"EntryPoint\",\"urlTemplate\":\"https:\/\/vaku-dsgn.pl\/blog\/?s={search_term_string}\"},\"query-input\":\"required name=search_term_string\"}],\"inLanguage\":\"pl-PL\"},{\"@type\":\"Person\",\"@id\":\"https:\/\/vaku-dsgn.pl\/blog\/#\/schema\/person\/7e526591f045b0b95af3cd3b4ebd86d4\",\"name\":\"vaku-dsgn\",\"image\":{\"@type\":\"ImageObject\",\"inLanguage\":\"pl-PL\",\"@id\":\"https:\/\/vaku-dsgn.pl\/blog\/#\/schema\/person\/image\/\",\"url\":\"https:\/\/secure.gravatar.com\/avatar\/5fba4d62872d676344a239bcb19c1f51?s=96&d=mm&r=g\",\"contentUrl\":\"https:\/\/secure.gravatar.com\/avatar\/5fba4d62872d676344a239bcb19c1f51?s=96&d=mm&r=g\",\"caption\":\"vaku-dsgn\"},\"sameAs\":[\"http:\/\/www.vaku-dsgn.pl\"],\"url\":\"https:\/\/vaku-dsgn.pl\/blog\/author\/vaku-dsgn\/\"}]}<\/script>\n<!-- \/ Yoast SEO plugin. -->","yoast_head_json":{"title":"Moda inspiracj\u0105 dla projektowania wn\u0119trz","description":"Moda inspiracj\u0105 dla projektowania wn\u0119trz - kultowi projektanci wn\u0119trz i ich dzia\u0142alno\u015b\u0107 zwi\u0105zana z bran\u017c\u0105 dekoracji wn\u0119trz.","robots":{"index":"index","follow":"follow","max-snippet":"max-snippet:-1","max-image-preview":"max-image-preview:large","max-video-preview":"max-video-preview:-1"},"canonical":"https:\/\/vaku-dsgn.pl\/blog\/sprawdzamy-czy-trendy-modowe-moga-byc-inspiracja-dla-projektowania-wnetrz\/","og_locale":"pl_PL","og_type":"article","og_title":"Moda inspiracj\u0105 dla projektowania wn\u0119trz","og_description":"Moda inspiracj\u0105 dla projektowania wn\u0119trz - kultowi projektanci wn\u0119trz i ich dzia\u0142alno\u015b\u0107 zwi\u0105zana z bran\u017c\u0105 dekoracji wn\u0119trz.","og_url":"https:\/\/vaku-dsgn.pl\/blog\/sprawdzamy-czy-trendy-modowe-moga-byc-inspiracja-dla-projektowania-wnetrz\/","og_site_name":"Blog wn\u0119trzarski | VAKU-DSGN","article_published_time":"2022-09-13T11:36:30+00:00","og_image":[{"width":940,"height":788,"url":"https:\/\/vaku-dsgn.pl\/blog\/wp-content\/uploads\/2022\/05\/55.png","type":"image\/png"}],"author":"vaku-dsgn","twitter_card":"summary_large_image","twitter_misc":{"Napisane przez":"vaku-dsgn","Szacowany czas czytania":"5 minut"},"schema":{"@context":"https:\/\/schema.org","@graph":[{"@type":"WebPage","@id":"https:\/\/vaku-dsgn.pl\/blog\/sprawdzamy-czy-trendy-modowe-moga-byc-inspiracja-dla-projektowania-wnetrz\/","url":"https:\/\/vaku-dsgn.pl\/blog\/sprawdzamy-czy-trendy-modowe-moga-byc-inspiracja-dla-projektowania-wnetrz\/","name":"Moda inspiracj\u0105 dla projektowania wn\u0119trz","isPartOf":{"@id":"https:\/\/vaku-dsgn.pl\/blog\/#website"},"datePublished":"2022-09-13T11:36:30+00:00","dateModified":"2022-09-13T11:36:30+00:00","author":{"@id":"https:\/\/vaku-dsgn.pl\/blog\/#\/schema\/person\/7e526591f045b0b95af3cd3b4ebd86d4"},"description":"Moda inspiracj\u0105 dla projektowania wn\u0119trz - kultowi projektanci wn\u0119trz i ich dzia\u0142alno\u015b\u0107 zwi\u0105zana z bran\u017c\u0105 dekoracji wn\u0119trz.","breadcrumb":{"@id":"https:\/\/vaku-dsgn.pl\/blog\/sprawdzamy-czy-trendy-modowe-moga-byc-inspiracja-dla-projektowania-wnetrz\/#breadcrumb"},"inLanguage":"pl-PL","potentialAction":[{"@type":"ReadAction","target":["https:\/\/vaku-dsgn.pl\/blog\/sprawdzamy-czy-trendy-modowe-moga-byc-inspiracja-dla-projektowania-wnetrz\/"]}]},{"@type":"BreadcrumbList","@id":"https:\/\/vaku-dsgn.pl\/blog\/sprawdzamy-czy-trendy-modowe-moga-byc-inspiracja-dla-projektowania-wnetrz\/#breadcrumb","itemListElement":[{"@type":"ListItem","position":1,"name":"Strona g\u0142\u00f3wna","item":"https:\/\/vaku-dsgn.pl\/blog\/"},{"@type":"ListItem","position":2,"name":"Sprawdzamy, czy trendy modowe mog\u0105 by\u0107 inspiracj\u0105 dla projektowania wn\u0119trz"}]},{"@type":"WebSite","@id":"https:\/\/vaku-dsgn.pl\/blog\/#website","url":"https:\/\/vaku-dsgn.pl\/blog\/","name":"Blog wn\u0119trzarski | VAKU-DSGN","description":"Wystr\u00f3j wn\u0119trz, design, inspiracje, DIY","potentialAction":[{"@type":"SearchAction","target":{"@type":"EntryPoint","urlTemplate":"https:\/\/vaku-dsgn.pl\/blog\/?s={search_term_string}"},"query-input":"required name=search_term_string"}],"inLanguage":"pl-PL"},{"@type":"Person","@id":"https:\/\/vaku-dsgn.pl\/blog\/#\/schema\/person\/7e526591f045b0b95af3cd3b4ebd86d4","name":"vaku-dsgn","image":{"@type":"ImageObject","inLanguage":"pl-PL","@id":"https:\/\/vaku-dsgn.pl\/blog\/#\/schema\/person\/image\/","url":"https:\/\/secure.gravatar.com\/avatar\/5fba4d62872d676344a239bcb19c1f51?s=96&d=mm&r=g","contentUrl":"https:\/\/secure.gravatar.com\/avatar\/5fba4d62872d676344a239bcb19c1f51?s=96&d=mm&r=g","caption":"vaku-dsgn"},"sameAs":["http:\/\/www.vaku-dsgn.pl"],"url":"https:\/\/vaku-dsgn.pl\/blog\/author\/vaku-dsgn\/"}]}},"jetpack_featured_media_url":"https:\/\/vaku-dsgn.pl\/blog\/wp-content\/uploads\/2022\/05\/55.png","jetpack_sharing_enabled":true,"jetpack_shortlink":"https:\/\/wp.me\/p82XUN-1dX","_links":{"self":[{"href":"https:\/\/vaku-dsgn.pl\/blog\/wp-json\/wp\/v2\/posts\/4709"}],"collection":[{"href":"https:\/\/vaku-dsgn.pl\/blog\/wp-json\/wp\/v2\/posts"}],"about":[{"href":"https:\/\/vaku-dsgn.pl\/blog\/wp-json\/wp\/v2\/types\/post"}],"author":[{"embeddable":true,"href":"https:\/\/vaku-dsgn.pl\/blog\/wp-json\/wp\/v2\/users\/1"}],"replies":[{"embeddable":true,"href":"https:\/\/vaku-dsgn.pl\/blog\/wp-json\/wp\/v2\/comments?post=4709"}],"version-history":[{"count":7,"href":"https:\/\/vaku-dsgn.pl\/blog\/wp-json\/wp\/v2\/posts\/4709\/revisions"}],"predecessor-version":[{"id":4749,"href":"https:\/\/vaku-dsgn.pl\/blog\/wp-json\/wp\/v2\/posts\/4709\/revisions\/4749"}],"wp:featuredmedia":[{"embeddable":true,"href":"https:\/\/vaku-dsgn.pl\/blog\/wp-json\/wp\/v2\/media\/4726"}],"wp:attachment":[{"href":"https:\/\/vaku-dsgn.pl\/blog\/wp-json\/wp\/v2\/media?parent=4709"}],"wp:term":[{"taxonomy":"category","embeddable":true,"href":"https:\/\/vaku-dsgn.pl\/blog\/wp-json\/wp\/v2\/categories?post=4709"},{"taxonomy":"post_tag","embeddable":true,"href":"https:\/\/vaku-dsgn.pl\/blog\/wp-json\/wp\/v2\/tags?post=4709"}],"curies":[{"name":"wp","href":"https:\/\/api.w.org\/{rel}","templated":true}]}}