{"id":3570,"date":"2019-04-11T06:30:03","date_gmt":"2019-04-11T06:30:03","guid":{"rendered":"https:\/\/vaku-dsgn.pl\/blog\/?p=3570"},"modified":"2019-04-12T05:32:57","modified_gmt":"2019-04-12T05:32:57","slug":"butelkowa-zielen-w-duetach-kolorystycznych","status":"publish","type":"post","link":"https:\/\/vaku-dsgn.pl\/blog\/butelkowa-zielen-w-duetach-kolorystycznych\/","title":{"rendered":"Butelkowa ziele\u0144 w duetach kolorystycznych"},"content":{"rendered":"<p style=\"text-align: justify;\">Dzi\u015b na naszej tapecie kolejny z kolor\u00f3w, kt\u00f3ry zawojowa\u0142 \u015bwiat dekoracji wn\u0119trz. Przez d\u0142ugi czas niedoceniany, nieco w cieniu szeroko lansowanych trend\u00f3w kolorystycznych. Od niedawna, za spraw\u0105 fali popularno\u015bci stylu botanicznego ma swoje pi\u0119\u0107 minut. Mowa o kolorze butelkowej zieleni \u2013 barwie \u0142\u0105cz\u0105cej w sobie szlachetno\u015b\u0107 i wyrazisto\u015b\u0107. W dzisiejszym artykule pragniemy skupi\u0107 si\u0119 na kreowaniu duet\u00f3w kolorystycznych, dzi\u0119ki kt\u00f3rym butelkowa ziele\u0144 wydobywa swoj\u0105 prawdziw\u0105 g\u0142\u0119bi\u0119 i\u00a0 koloryt! \ud83d\ude09<\/p>\n<h3 style=\"text-align: center;\">ZIELE\u0143 I Z\u0141OTO<\/h3>\n<p style=\"text-align: justify;\">Zestawienie, kt\u00f3re nadaje estetycznej krasy. Ciemna ziele\u0144 w po\u0142\u0105czeniu ze z\u0142otem to synonim luksusu i elegancji. Maria\u017c ten wykorzystywany jest cz\u0119sto w stylu art-deco oraz glamour. Ze wzgl\u0119du na swoj\u0105 wystawn\u0105 prezencj\u0119 w nadmiernej ilo\u015bci mo\u017ce przyt\u0142acza\u0107 wn\u0119trze. Decyduj\u0105c si\u0119 na ten kontrast, ograniczmy si\u0119 do pojedynczego elementu we wn\u0119trzu, np. obrazu lub kanapy. Je\u015bli zastanawiacie si\u0119 jednak co zrobi\u0107 z reszt\u0105 aran\u017cacji to podpowiadamy, \u017ce po\u0142\u0105czenie butelkowej zieleni ze z\u0142otem doskonale sprawdza si\u0119, gdy dodamy do niego elementy jasnego marmuru, oraz naturalnego drewna.<\/p>\n<p><a data-pin-do=\"embedPin\" data-pin-lang=\"pl\" data-pin-width=\"large\" data-pin-terse=\"true\" href=\"https:\/\/www.pinterest.com\/pin\/292874782016683763\/\"><\/a><\/p>\n<h3 style=\"text-align: center;\">ZIELE\u0143 I \u017b\u00d3\u0141CIENIE<\/h3>\n<p style=\"text-align: justify;\">Wyrazisto\u015b\u0107 butelkowej zieleni zestawiona z nasyconym, przygaszonym odcieniem \u017c\u00f3\u0142ci lub koloru musztardowego daje efekt nieopatrzonej nowoczesno\u015bci. W duecie z nieco bardziej bladym odcieniem \u017c\u00f3\u0142ci odnajdzie si\u0119 bez problemu w stylu eklektycznym lub kolonialnym. Jest to wi\u0119c para kolor\u00f3w, kt\u00f3ra znajdzie zastosowanie w wielu typach wn\u0119trz.<\/p>\n<p><a data-pin-do=\"embedPin\" data-pin-lang=\"pl\" data-pin-width=\"large\" data-pin-terse=\"true\" href=\"https:\/\/www.pinterest.com\/pin\/388998486538416317\/\"><\/a><\/p>\n<h3 style=\"text-align: center;\">ZIELE\u0143 I BE\u017b<\/h3>\n<p style=\"text-align: justify;\">Kompozycja ciemnej zieleni z odcieniami wanilii, koloru kremowego lub latte pozwoli uzyska\u0107 naturalne wyko\u0144czenie wn\u0119trza. Wykorzysta\u0107 mo\u017cna je we wn\u0119trzach rustykalnych lub modnych ostatnio aran\u017cacjach afryka\u0144skich. Paleta kolor\u00f3w ziemi sprzyja budowaniu we wn\u0119trzu spokoju, harmonii i porz\u0105dku. Je\u015bli lubicie wywa\u017cone i neutralne wn\u0119trza to po\u0142\u0105czeniu butelkowej zieleni i odcieni be\u017cu b\u0119dzie dla Was dobrym rozwi\u0105zaniem.<\/p>\n<p><a data-pin-do=\"embedPin\" data-pin-lang=\"pl\" data-pin-width=\"large\" data-pin-terse=\"true\" href=\"https:\/\/www.pinterest.com\/pin\/571464640212652924\/\"><\/a><\/p>\n<h3 style=\"text-align: center;\">ZIELE\u0143 I NIEBIESKI<\/h3>\n<p style=\"text-align: justify;\">Prawdziwej wytworno\u015bci doda butelkowej zieleni paleta barw szlachetnych. W\u015br\u00f3d nich niezwyk\u0142\u0105 rol\u0119 mog\u0105 odegra\u0107: chaber, granat, b\u0142\u0119kit pruski, kobalt oraz szafir. Na ich podstawie stworzycie niezwykle wytworne, pa\u0142acowe wn\u0119trza. W towarzystwie tych dw\u00f3ch dystyngowanych barw powinni\u015bmy znale\u017a\u0107 miejsce dla chromowanych oraz poz\u0142acanych wyko\u0144cze\u0144 oraz welurowych, pluszowych materia\u0142\u00f3w.<\/p>\n<p><a data-pin-do=\"embedPin\" data-pin-lang=\"pl\" data-pin-width=\"large\" data-pin-terse=\"true\" href=\"https:\/\/www.pinterest.com\/pin\/673358581758620238\/\"><\/a><\/p>\n<h3 style=\"text-align: center;\">ZIELE\u0143 I\u2026 ZIELE\u0143<\/h3>\n<p style=\"text-align: justify;\">Zestawianie ze sob\u0105 r\u00f3\u017cnych odcieni zieleni charakterystyczne jest dla stylu botanicznego. Tropikalne akcenty w postaci li\u015bci mostery czy bananowca, a tak\u017ce zio\u0142owe kompozycje ubogac\u0105 stanowcze kontrasty kolorystyczne w gamie zieleni. Aran\u017cacj\u0119 &#8222;total look&#8221; w kolorze zieleni prze\u0142ama\u0107 mo\u017cna delikatnymi dodatkami wn\u0119trzarskimi w kolorze jasnego br\u0105zu, be\u017cu, bieli lub z\u0142ota.<\/p>\n<p><a data-pin-do=\"embedPin\" data-pin-lang=\"pl\" data-pin-width=\"large\" data-pin-terse=\"true\" href=\"https:\/\/www.pinterest.com\/pin\/173247916895963955\/\"><\/a><\/p>\n<p style=\"text-align: justify;\">Jak wida\u0107, kolor butelkowej zieleni mo\u017ce przybra\u0107 przer\u00f3\u017cny charakter, gdy tylko zestawimy go z kontrastow\u0105 lub uzupe\u0142niaj\u0105c\u0105 barw\u0105. Doskonale czuje si\u0119 r\u00f3wnie\u017c, gdy na jego podstawie kreuje si\u0119 kolorystyczny gradient. Kt\u00f3re z prezentowanych rozwi\u0105za\u0144 przemawia do Was najbardziej?<\/p>\n<p>Obrazy w odcieniu butelkowej zieleni:<\/p>\n<p><a href=\"https:\/\/vaku-dsgn.pl\/sklep\/obrazy-z-motywem-roslinnym\/2376-szmaragdowy-kobierzec-nowoczesny-obraz-do-sypialni.html\" target=\"_blank\" rel=\"noopener noreferrer\"><img loading=\"lazy\" class=\"alignleft wp-image-3586 size-thumbnail\" title=\"SZMARAGDOWY KOBIERZEC - NOWOCZESNY OBRAZ DO SYPIALNI\" src=\"https:\/\/vaku-dsgn.pl\/blog\/wp-content\/uploads\/2019\/04\/90301-150x150.jpg\" alt=\"obraz w kolorze butelkowej zieleni i z\u0142ota\" width=\"150\" height=\"150\" srcset=\"https:\/\/vaku-dsgn.pl\/blog\/wp-content\/uploads\/2019\/04\/90301-150x150.jpg 150w, https:\/\/vaku-dsgn.pl\/blog\/wp-content\/uploads\/2019\/04\/90301-300x300.jpg 300w, https:\/\/vaku-dsgn.pl\/blog\/wp-content\/uploads\/2019\/04\/90301-768x768.jpg 768w, https:\/\/vaku-dsgn.pl\/blog\/wp-content\/uploads\/2019\/04\/90301-1024x1024.jpg 1024w, https:\/\/vaku-dsgn.pl\/blog\/wp-content\/uploads\/2019\/04\/90301-88x88.jpg 88w, https:\/\/vaku-dsgn.pl\/blog\/wp-content\/uploads\/2019\/04\/90301-973x973.jpg 973w, https:\/\/vaku-dsgn.pl\/blog\/wp-content\/uploads\/2019\/04\/90301-508x508.jpg 508w\" sizes=\"(max-width: 150px) 100vw, 150px\" \/><\/a><a href=\"https:\/\/vaku-dsgn.pl\/sklep\/obrazy-ze-zwierzetami\/412-wolne-ptaki-nowoczesny-obraz-do-salonu.html\" target=\"_blank\" rel=\"noopener noreferrer\"><img loading=\"lazy\" class=\"alignleft wp-image-3587 size-thumbnail\" title=\"WOLNE PTAKI - NOWOCZESNY OBRAZ DO SALONU\" src=\"https:\/\/vaku-dsgn.pl\/blog\/wp-content\/uploads\/2019\/04\/28801-150x150.jpg\" alt=\"obraz w kolorze butelkowej zieleni i \u017c\u00f3\u0142ci\" width=\"150\" height=\"150\" srcset=\"https:\/\/vaku-dsgn.pl\/blog\/wp-content\/uploads\/2019\/04\/28801-150x150.jpg 150w, https:\/\/vaku-dsgn.pl\/blog\/wp-content\/uploads\/2019\/04\/28801-300x300.jpg 300w, https:\/\/vaku-dsgn.pl\/blog\/wp-content\/uploads\/2019\/04\/28801-768x768.jpg 768w, https:\/\/vaku-dsgn.pl\/blog\/wp-content\/uploads\/2019\/04\/28801-1024x1024.jpg 1024w, https:\/\/vaku-dsgn.pl\/blog\/wp-content\/uploads\/2019\/04\/28801-88x88.jpg 88w, https:\/\/vaku-dsgn.pl\/blog\/wp-content\/uploads\/2019\/04\/28801-973x973.jpg 973w, https:\/\/vaku-dsgn.pl\/blog\/wp-content\/uploads\/2019\/04\/28801-508x508.jpg 508w\" sizes=\"(max-width: 150px) 100vw, 150px\" \/><\/a><a href=\"https:\/\/vaku-dsgn.pl\/sklep\/obrazy-z-motywem-roslinnym\/2392-w-zielonym-gaju-nowoczesny-obraz-na-plotnie.html\" target=\"_blank\" rel=\"noopener noreferrer\"><img loading=\"lazy\" class=\"alignleft wp-image-3588 size-thumbnail\" title=\"W ZIELONYM GAJU - NOWOCZESNY OBRAZ NA P\u0141\u00d3TNIE\" src=\"https:\/\/vaku-dsgn.pl\/blog\/wp-content\/uploads\/2019\/04\/91001-150x150.jpg\" alt=\"obraz w kolorze butelkowej zieleni\" width=\"150\" height=\"150\" srcset=\"https:\/\/vaku-dsgn.pl\/blog\/wp-content\/uploads\/2019\/04\/91001-150x150.jpg 150w, https:\/\/vaku-dsgn.pl\/blog\/wp-content\/uploads\/2019\/04\/91001-300x300.jpg 300w, https:\/\/vaku-dsgn.pl\/blog\/wp-content\/uploads\/2019\/04\/91001-768x768.jpg 768w, https:\/\/vaku-dsgn.pl\/blog\/wp-content\/uploads\/2019\/04\/91001-1024x1024.jpg 1024w, https:\/\/vaku-dsgn.pl\/blog\/wp-content\/uploads\/2019\/04\/91001-88x88.jpg 88w, https:\/\/vaku-dsgn.pl\/blog\/wp-content\/uploads\/2019\/04\/91001-973x973.jpg 973w, https:\/\/vaku-dsgn.pl\/blog\/wp-content\/uploads\/2019\/04\/91001-508x508.jpg 508w\" sizes=\"(max-width: 150px) 100vw, 150px\" \/><\/a><a href=\"https:\/\/vaku-dsgn.pl\/sklep\/obrazy-z-motywem-roslinnym\/949-slady-przeszlosci-nowoczesny-obraz-na-plotnie.html\" target=\"_blank\" rel=\"noopener noreferrer\"><img loading=\"lazy\" class=\"alignleft wp-image-3589 size-thumbnail\" title=\"\u015aLADY PRZESZ\u0141O\u015aCI - NOWOCZESNY OBRAZ NA P\u0141\u00d3TNIE\" src=\"https:\/\/vaku-dsgn.pl\/blog\/wp-content\/uploads\/2019\/04\/49901-150x150.jpg\" alt=\"obraz w kolorze butelkowej zieleni i be\u017cu\" width=\"150\" height=\"150\" srcset=\"https:\/\/vaku-dsgn.pl\/blog\/wp-content\/uploads\/2019\/04\/49901-150x150.jpg 150w, https:\/\/vaku-dsgn.pl\/blog\/wp-content\/uploads\/2019\/04\/49901-300x300.jpg 300w, https:\/\/vaku-dsgn.pl\/blog\/wp-content\/uploads\/2019\/04\/49901-768x768.jpg 768w, https:\/\/vaku-dsgn.pl\/blog\/wp-content\/uploads\/2019\/04\/49901-1024x1024.jpg 1024w, https:\/\/vaku-dsgn.pl\/blog\/wp-content\/uploads\/2019\/04\/49901-88x88.jpg 88w, https:\/\/vaku-dsgn.pl\/blog\/wp-content\/uploads\/2019\/04\/49901-973x973.jpg 973w, https:\/\/vaku-dsgn.pl\/blog\/wp-content\/uploads\/2019\/04\/49901-508x508.jpg 508w\" sizes=\"(max-width: 150px) 100vw, 150px\" \/><\/a><br \/>\n<script async defer src=\"\/\/assets.pinterest.com\/js\/pinit.js\"><\/script><\/p>\n","protected":false},"excerpt":{"rendered":"<p>Dzi\u015b na naszej tapecie kolejny z kolor\u00f3w, kt\u00f3ry zawojowa\u0142 \u015bwiat dekoracji wn\u0119trz. Przez d\u0142ugi czas niedoceniany, nieco w cieniu szeroko lansowanych trend\u00f3w kolorystycznych. Od niedawna, za spraw\u0105 fali&#8230;<\/p>\n","protected":false},"author":1,"featured_media":3596,"comment_status":"open","ping_status":"open","sticky":false,"template":"","format":"standard","meta":{"jetpack_publicize_message":"","jetpack_is_tweetstorm":false,"jetpack_publicize_feature_enabled":true},"categories":[761],"tags":[240,336,875,928,929,927,926,57,239,10,154,58,930,26,27,8,35,34,22,61,60,520,19,9,55,56,275,276],"jetpack_publicize_connections":[],"yoast_head":"<!-- This site is optimized with the Yoast SEO plugin v19.6 - https:\/\/yoast.com\/wordpress\/plugins\/seo\/ -->\n<title>Butelkowa ziele\u0144 w duetach kolorystycznych - Blog wn\u0119trzarski | VAKU-DSGN<\/title>\n<meta name=\"robots\" content=\"index, follow, max-snippet:-1, max-image-preview:large, max-video-preview:-1\" \/>\n<link rel=\"canonical\" href=\"https:\/\/vaku-dsgn.pl\/blog\/butelkowa-zielen-w-duetach-kolorystycznych\/\" \/>\n<meta property=\"og:locale\" content=\"pl_PL\" \/>\n<meta property=\"og:type\" content=\"article\" \/>\n<meta property=\"og:title\" content=\"Butelkowa ziele\u0144 w duetach kolorystycznych - Blog wn\u0119trzarski | VAKU-DSGN\" \/>\n<meta property=\"og:description\" content=\"Dzi\u015b na naszej tapecie kolejny z kolor\u00f3w, kt\u00f3ry zawojowa\u0142 \u015bwiat dekoracji wn\u0119trz. Przez d\u0142ugi czas niedoceniany, nieco w cieniu szeroko lansowanych trend\u00f3w kolorystycznych. Od niedawna, za spraw\u0105 fali...\" \/>\n<meta property=\"og:url\" content=\"https:\/\/vaku-dsgn.pl\/blog\/butelkowa-zielen-w-duetach-kolorystycznych\/\" \/>\n<meta property=\"og:site_name\" content=\"Blog wn\u0119trzarski | VAKU-DSGN\" \/>\n<meta property=\"article:published_time\" content=\"2019-04-11T06:30:03+00:00\" \/>\n<meta property=\"article:modified_time\" content=\"2019-04-12T05:32:57+00:00\" \/>\n<meta property=\"og:image\" content=\"https:\/\/vaku-dsgn.pl\/blog\/wp-content\/uploads\/2019\/04\/butelkowa-ziele\u0144.png\" \/>\n\t<meta property=\"og:image:width\" content=\"940\" \/>\n\t<meta property=\"og:image:height\" content=\"788\" \/>\n\t<meta property=\"og:image:type\" content=\"image\/png\" \/>\n<meta name=\"author\" content=\"vaku-dsgn\" \/>\n<meta name=\"twitter:card\" content=\"summary_large_image\" \/>\n<meta name=\"twitter:label1\" content=\"Napisane przez\" \/>\n\t<meta name=\"twitter:data1\" content=\"vaku-dsgn\" \/>\n\t<meta name=\"twitter:label2\" content=\"Szacowany czas czytania\" \/>\n\t<meta name=\"twitter:data2\" content=\"2 minuty\" \/>\n<script type=\"application\/ld+json\" class=\"yoast-schema-graph\">{\"@context\":\"https:\/\/schema.org\",\"@graph\":[{\"@type\":\"WebPage\",\"@id\":\"https:\/\/vaku-dsgn.pl\/blog\/butelkowa-zielen-w-duetach-kolorystycznych\/\",\"url\":\"https:\/\/vaku-dsgn.pl\/blog\/butelkowa-zielen-w-duetach-kolorystycznych\/\",\"name\":\"Butelkowa ziele\u0144 w duetach kolorystycznych - Blog wn\u0119trzarski | VAKU-DSGN\",\"isPartOf\":{\"@id\":\"https:\/\/vaku-dsgn.pl\/blog\/#website\"},\"datePublished\":\"2019-04-11T06:30:03+00:00\",\"dateModified\":\"2019-04-12T05:32:57+00:00\",\"author\":{\"@id\":\"https:\/\/vaku-dsgn.pl\/blog\/#\/schema\/person\/7e526591f045b0b95af3cd3b4ebd86d4\"},\"breadcrumb\":{\"@id\":\"https:\/\/vaku-dsgn.pl\/blog\/butelkowa-zielen-w-duetach-kolorystycznych\/#breadcrumb\"},\"inLanguage\":\"pl-PL\",\"potentialAction\":[{\"@type\":\"ReadAction\",\"target\":[\"https:\/\/vaku-dsgn.pl\/blog\/butelkowa-zielen-w-duetach-kolorystycznych\/\"]}]},{\"@type\":\"BreadcrumbList\",\"@id\":\"https:\/\/vaku-dsgn.pl\/blog\/butelkowa-zielen-w-duetach-kolorystycznych\/#breadcrumb\",\"itemListElement\":[{\"@type\":\"ListItem\",\"position\":1,\"name\":\"Strona g\u0142\u00f3wna\",\"item\":\"https:\/\/vaku-dsgn.pl\/blog\/\"},{\"@type\":\"ListItem\",\"position\":2,\"name\":\"Butelkowa ziele\u0144 w duetach kolorystycznych\"}]},{\"@type\":\"WebSite\",\"@id\":\"https:\/\/vaku-dsgn.pl\/blog\/#website\",\"url\":\"https:\/\/vaku-dsgn.pl\/blog\/\",\"name\":\"Blog wn\u0119trzarski | VAKU-DSGN\",\"description\":\"Wystr\u00f3j wn\u0119trz, design, inspiracje, DIY\",\"potentialAction\":[{\"@type\":\"SearchAction\",\"target\":{\"@type\":\"EntryPoint\",\"urlTemplate\":\"https:\/\/vaku-dsgn.pl\/blog\/?s={search_term_string}\"},\"query-input\":\"required name=search_term_string\"}],\"inLanguage\":\"pl-PL\"},{\"@type\":\"Person\",\"@id\":\"https:\/\/vaku-dsgn.pl\/blog\/#\/schema\/person\/7e526591f045b0b95af3cd3b4ebd86d4\",\"name\":\"vaku-dsgn\",\"image\":{\"@type\":\"ImageObject\",\"inLanguage\":\"pl-PL\",\"@id\":\"https:\/\/vaku-dsgn.pl\/blog\/#\/schema\/person\/image\/\",\"url\":\"https:\/\/secure.gravatar.com\/avatar\/5fba4d62872d676344a239bcb19c1f51?s=96&d=mm&r=g\",\"contentUrl\":\"https:\/\/secure.gravatar.com\/avatar\/5fba4d62872d676344a239bcb19c1f51?s=96&d=mm&r=g\",\"caption\":\"vaku-dsgn\"},\"sameAs\":[\"http:\/\/www.vaku-dsgn.pl\"],\"url\":\"https:\/\/vaku-dsgn.pl\/blog\/author\/vaku-dsgn\/\"}]}<\/script>\n<!-- \/ Yoast SEO plugin. -->","yoast_head_json":{"title":"Butelkowa ziele\u0144 w duetach kolorystycznych - Blog wn\u0119trzarski | VAKU-DSGN","robots":{"index":"index","follow":"follow","max-snippet":"max-snippet:-1","max-image-preview":"max-image-preview:large","max-video-preview":"max-video-preview:-1"},"canonical":"https:\/\/vaku-dsgn.pl\/blog\/butelkowa-zielen-w-duetach-kolorystycznych\/","og_locale":"pl_PL","og_type":"article","og_title":"Butelkowa ziele\u0144 w duetach kolorystycznych - Blog wn\u0119trzarski | VAKU-DSGN","og_description":"Dzi\u015b na naszej tapecie kolejny z kolor\u00f3w, kt\u00f3ry zawojowa\u0142 \u015bwiat dekoracji wn\u0119trz. Przez d\u0142ugi czas niedoceniany, nieco w cieniu szeroko lansowanych trend\u00f3w kolorystycznych. Od niedawna, za spraw\u0105 fali...","og_url":"https:\/\/vaku-dsgn.pl\/blog\/butelkowa-zielen-w-duetach-kolorystycznych\/","og_site_name":"Blog wn\u0119trzarski | VAKU-DSGN","article_published_time":"2019-04-11T06:30:03+00:00","article_modified_time":"2019-04-12T05:32:57+00:00","og_image":[{"width":940,"height":788,"url":"https:\/\/vaku-dsgn.pl\/blog\/wp-content\/uploads\/2019\/04\/butelkowa-ziele\u0144.png","type":"image\/png"}],"author":"vaku-dsgn","twitter_card":"summary_large_image","twitter_misc":{"Napisane przez":"vaku-dsgn","Szacowany czas czytania":"2 minuty"},"schema":{"@context":"https:\/\/schema.org","@graph":[{"@type":"WebPage","@id":"https:\/\/vaku-dsgn.pl\/blog\/butelkowa-zielen-w-duetach-kolorystycznych\/","url":"https:\/\/vaku-dsgn.pl\/blog\/butelkowa-zielen-w-duetach-kolorystycznych\/","name":"Butelkowa ziele\u0144 w duetach kolorystycznych - Blog wn\u0119trzarski | VAKU-DSGN","isPartOf":{"@id":"https:\/\/vaku-dsgn.pl\/blog\/#website"},"datePublished":"2019-04-11T06:30:03+00:00","dateModified":"2019-04-12T05:32:57+00:00","author":{"@id":"https:\/\/vaku-dsgn.pl\/blog\/#\/schema\/person\/7e526591f045b0b95af3cd3b4ebd86d4"},"breadcrumb":{"@id":"https:\/\/vaku-dsgn.pl\/blog\/butelkowa-zielen-w-duetach-kolorystycznych\/#breadcrumb"},"inLanguage":"pl-PL","potentialAction":[{"@type":"ReadAction","target":["https:\/\/vaku-dsgn.pl\/blog\/butelkowa-zielen-w-duetach-kolorystycznych\/"]}]},{"@type":"BreadcrumbList","@id":"https:\/\/vaku-dsgn.pl\/blog\/butelkowa-zielen-w-duetach-kolorystycznych\/#breadcrumb","itemListElement":[{"@type":"ListItem","position":1,"name":"Strona g\u0142\u00f3wna","item":"https:\/\/vaku-dsgn.pl\/blog\/"},{"@type":"ListItem","position":2,"name":"Butelkowa ziele\u0144 w duetach kolorystycznych"}]},{"@type":"WebSite","@id":"https:\/\/vaku-dsgn.pl\/blog\/#website","url":"https:\/\/vaku-dsgn.pl\/blog\/","name":"Blog wn\u0119trzarski | VAKU-DSGN","description":"Wystr\u00f3j wn\u0119trz, design, inspiracje, DIY","potentialAction":[{"@type":"SearchAction","target":{"@type":"EntryPoint","urlTemplate":"https:\/\/vaku-dsgn.pl\/blog\/?s={search_term_string}"},"query-input":"required name=search_term_string"}],"inLanguage":"pl-PL"},{"@type":"Person","@id":"https:\/\/vaku-dsgn.pl\/blog\/#\/schema\/person\/7e526591f045b0b95af3cd3b4ebd86d4","name":"vaku-dsgn","image":{"@type":"ImageObject","inLanguage":"pl-PL","@id":"https:\/\/vaku-dsgn.pl\/blog\/#\/schema\/person\/image\/","url":"https:\/\/secure.gravatar.com\/avatar\/5fba4d62872d676344a239bcb19c1f51?s=96&d=mm&r=g","contentUrl":"https:\/\/secure.gravatar.com\/avatar\/5fba4d62872d676344a239bcb19c1f51?s=96&d=mm&r=g","caption":"vaku-dsgn"},"sameAs":["http:\/\/www.vaku-dsgn.pl"],"url":"https:\/\/vaku-dsgn.pl\/blog\/author\/vaku-dsgn\/"}]}},"jetpack_featured_media_url":"https:\/\/vaku-dsgn.pl\/blog\/wp-content\/uploads\/2019\/04\/butelkowa-ziele\u0144.png","jetpack_sharing_enabled":true,"jetpack_shortlink":"https:\/\/wp.me\/p82XUN-VA","_links":{"self":[{"href":"https:\/\/vaku-dsgn.pl\/blog\/wp-json\/wp\/v2\/posts\/3570"}],"collection":[{"href":"https:\/\/vaku-dsgn.pl\/blog\/wp-json\/wp\/v2\/posts"}],"about":[{"href":"https:\/\/vaku-dsgn.pl\/blog\/wp-json\/wp\/v2\/types\/post"}],"author":[{"embeddable":true,"href":"https:\/\/vaku-dsgn.pl\/blog\/wp-json\/wp\/v2\/users\/1"}],"replies":[{"embeddable":true,"href":"https:\/\/vaku-dsgn.pl\/blog\/wp-json\/wp\/v2\/comments?post=3570"}],"version-history":[{"count":9,"href":"https:\/\/vaku-dsgn.pl\/blog\/wp-json\/wp\/v2\/posts\/3570\/revisions"}],"predecessor-version":[{"id":3595,"href":"https:\/\/vaku-dsgn.pl\/blog\/wp-json\/wp\/v2\/posts\/3570\/revisions\/3595"}],"wp:featuredmedia":[{"embeddable":true,"href":"https:\/\/vaku-dsgn.pl\/blog\/wp-json\/wp\/v2\/media\/3596"}],"wp:attachment":[{"href":"https:\/\/vaku-dsgn.pl\/blog\/wp-json\/wp\/v2\/media?parent=3570"}],"wp:term":[{"taxonomy":"category","embeddable":true,"href":"https:\/\/vaku-dsgn.pl\/blog\/wp-json\/wp\/v2\/categories?post=3570"},{"taxonomy":"post_tag","embeddable":true,"href":"https:\/\/vaku-dsgn.pl\/blog\/wp-json\/wp\/v2\/tags?post=3570"}],"curies":[{"name":"wp","href":"https:\/\/api.w.org\/{rel}","templated":true}]}}