{"id":3182,"date":"2018-11-02T05:58:00","date_gmt":"2018-11-02T05:58:00","guid":{"rendered":"https:\/\/www.vaku-dsgn.pl\/blog\/?p=3182"},"modified":"2018-11-02T05:58:00","modified_gmt":"2018-11-02T05:58:00","slug":"bauhaus-pionierska-mysl-o-designie-w-trudnych-czasach","status":"publish","type":"post","link":"https:\/\/vaku-dsgn.pl\/blog\/bauhaus-pionierska-mysl-o-designie-w-trudnych-czasach\/","title":{"rendered":"Bauhaus &#8211; pionierska my\u015bl o designie w trudnych czasach"},"content":{"rendered":"<p style=\"text-align: justify;\">Bauhaus \u2013 pionierska my\u015bl o designie w trudnych czasach. Walter Adolf Georg Gropius \u2013 niemiecki architekt \u2013 postanawia za\u0142o\u017cy\u0107 szko\u0142\u0119, kt\u00f3ra po\u0142\u0105czy w sp\u00f3jn\u0105 ca\u0142o\u015b\u0107 artyst\u00f3w i fachowc\u00f3w rzemios\u0142a. Tak powstaje Bauhaus \u2013 miejsce, w kt\u00f3rym na jednej linii przecinaj\u0105 si\u0119 trzy pierwiastki: architektury, artyzmu i rzemie\u015blnictwa.<br \/>\n<a data-pin-do=\"embedPin\" data-pin-lang=\"pl\" data-pin-width=\"large\" data-pin-terse=\"true\" href=\"https:\/\/www.pinterest.com\/pin\/353321533247668262\/\"><\/a><br \/>\nCho\u0107 historia szko\u0142y jest stosunkowo kr\u00f3tka, trzynastoletnia, to odbi\u0142a pi\u0119tno na szeroko rozumianej sztuce u\u017cytkowej. W wyniku perturbacji politycznych miejsce spotka\u0144 zdolnych artyst\u00f3w i specjalist\u00f3w zostaje zamkni\u0119te. Paradoksalnie, fakt ten otwiera umys\u0142y wielu wielbicieli sztuki na nowe doznania estetyczne. Jakie? Na to pytanie postaramy si\u0119 Wam opowiedzie\u0107 w kr\u00f3tkich s\u0142owach dzisiejszego artyku\u0142u.<\/p>\n<p><a data-pin-do=\"embedPin\" data-pin-lang=\"pl\" data-pin-width=\"large\" data-pin-terse=\"true\" href=\"https:\/\/www.pinterest.com\/pin\/101190322848155234\/\"><\/a><\/p>\n<p style=\"text-align: justify;\">Bauhaus zyska\u0142 status stylu ze wzgl\u0119du na do\u015b\u0107 klarown\u0105 wizj\u0119 przestrzeni. \u0141\u0105czy w sobie cztery komponenty, kt\u00f3re przy wzajemnej kooperacji tworz\u0105 niezwykle efektowny obraz. Po\u0142\u0105czenie funkcjonalizmu, minimalizmu, ekonomizacji oraz przestronno\u015bci stworzy\u0142o fundamenty do powstania aran\u017cacji godnych najbardziej wysmakowanych apartament\u00f3w \u015bwiata.<br \/>\n<a data-pin-do=\"embedPin\" data-pin-lang=\"pl\" data-pin-width=\"large\" data-pin-terse=\"true\" href=\"https:\/\/www.pinterest.com\/pin\/387028161718058691\/\"><\/a> Bauhaus to przede wszystkim oszcz\u0119dno\u015b\u0107 formy \u2013 meble i przedmioty u\u017cytkowe s\u0105 zarazem klasyczne, jak i nowatorskie. Mimo paradygmatu minimalizmu Bauhaus pozwala sobie na odrobin\u0119 tw\u00f3rczo\u015bci w dziedzinie kolorystyki. Mimo, i\u017c barwy s\u0105 do\u015b\u0107 wywa\u017cone, to z pewno\u015bci\u0105 dodaj\u0105 charakteru niejednej aran\u017cacji stworzonej wed\u0142ug tego stylu. W stylu niemieckiej szko\u0142y designu wn\u0119trza powinny by\u0107 przestrzenne i dobrze na\u015bwietlone. Z tego powodu powsta\u0142o kilka znamienitych projekt\u00f3w o\u015bwietlenia, w tym lampa Wilhelma Wagenfelda, kt\u00f3ra po dzi\u015b dzie\u0144 bije rekordy popularno\u015bci.<br \/>\n<a data-pin-do=\"embedPin\" data-pin-lang=\"pl\" data-pin-width=\"large\" data-pin-terse=\"true\" href=\"https:\/\/www.pinterest.com\/pin\/457045062162101157\/\"><\/a><br \/>\nOpisywany styl mimo przemy\u015blanej i roztropnej formy pozwala\u0142 sobie na wprowadzenie odrobiny kontrastu. W wystroju spotkamy po\u0142\u0105czenie matu z po\u0142yskiem, g\u0142adkich powierzchni z chropowat\u0105 faktur\u0105, a tak\u017ce \u0142\u0105czenia odmiennych materia\u0142\u00f3w, np. chromowanej stali ze sk\u00f3r\u0105. Bauhaus lubuje si\u0119 r\u00f3wnie\u017c w geometrycznych, kubistycznych formach, co zauwa\u017cy\u0107 mo\u017cemy mi\u0119dzy innymi w sztuce malarskiej lub formie wykonywanych w\u00f3wczas mebli.<\/p>\n<p><a data-pin-do=\"embedPin\" data-pin-lang=\"pl\" data-pin-width=\"large\" data-pin-terse=\"true\" href=\"https:\/\/www.pinterest.com\/pin\/112519690662518040\/\"><\/a><\/p>\n<p style=\"text-align: justify;\">Bauhaus to swojego rodzaju po\u0142\u0105czenie stylu industrialnego z minimalizmem oraz niezdefiniowanym czynnikiem artystycznym. Ca\u0142okszta\u0142t tw\u00f3rczo\u015bci tego okresu daje podwaliny do nowoczesnych form artystycznych, kt\u00f3re nieprzerwanie od XX wieku dostarczaj\u0105 nam wiele ekscytuj\u0105cych nowinek estetycznych.<\/p>\n<p><a data-pin-do=\"embedPin\" data-pin-lang=\"pl\" data-pin-width=\"large\" data-pin-terse=\"true\" href=\"https:\/\/www.pinterest.com\/pin\/567594359272764332\/\"><\/a><\/p>\n<p style=\"text-align: justify;\">A jak Wam podoba si\u0119 opisywany nurt? Nas zaintrygowa\u0142 na tyle, \u017ce z pewno\u015bci\u0105 do niego kiedy\u015b powr\u00f3cimy.<\/p>\n<p>Obrazy do wn\u0119trz w stylu Bauhaus:<\/p>\n<p><a href=\"https:\/\/vaku-dsgn.pl\/sklep\/abstrakcje\/368-stalowi-giganci-nowoczesny-obraz-na-plotnie.html\" target=\"_blank\" rel=\"noopener\"><img loading=\"lazy\" class=\"alignleft wp-image-3208 size-thumbnail\" title=\"Stalowi giganci - nowoczesny obraz na p\u0142\u00f3tnie\" src=\"https:\/\/www.vaku-dsgn.pl\/blog\/wp-content\/uploads\/2018\/10\/26001-eb10-150x150.jpg\" alt=\"industrialny wz\u00f3r do wn\u0119trz w stylu Bauhaus\" width=\"150\" height=\"150\" srcset=\"https:\/\/vaku-dsgn.pl\/blog\/wp-content\/uploads\/2018\/10\/26001-eb10-150x150.jpg 150w, https:\/\/vaku-dsgn.pl\/blog\/wp-content\/uploads\/2018\/10\/26001-eb10-300x300.jpg 300w, https:\/\/vaku-dsgn.pl\/blog\/wp-content\/uploads\/2018\/10\/26001-eb10-768x768.jpg 768w, https:\/\/vaku-dsgn.pl\/blog\/wp-content\/uploads\/2018\/10\/26001-eb10-1024x1024.jpg 1024w, https:\/\/vaku-dsgn.pl\/blog\/wp-content\/uploads\/2018\/10\/26001-eb10-88x88.jpg 88w, https:\/\/vaku-dsgn.pl\/blog\/wp-content\/uploads\/2018\/10\/26001-eb10-973x973.jpg 973w, https:\/\/vaku-dsgn.pl\/blog\/wp-content\/uploads\/2018\/10\/26001-eb10-508x508.jpg 508w\" sizes=\"(max-width: 150px) 100vw, 150px\" \/><\/a><\/p>\n<p><a href=\"https:\/\/vaku-dsgn.pl\/sklep\/abstrakcje\/192-dwoista-natura-nowoczesny-obraz-na-plotnie.html\" target=\"_blank\" rel=\"noopener\"><img loading=\"lazy\" class=\"alignleft wp-image-3207 size-thumbnail\" title=\"Dwoista natura - nowoczesny obraz na p\u0142\u00f3tnie\" src=\"https:\/\/www.vaku-dsgn.pl\/blog\/wp-content\/uploads\/2018\/10\/16401-eb10-150x150.jpg\" alt=\"geometryczny obraz w stylu Bauhaus\" width=\"150\" height=\"150\" srcset=\"https:\/\/vaku-dsgn.pl\/blog\/wp-content\/uploads\/2018\/10\/16401-eb10-150x150.jpg 150w, https:\/\/vaku-dsgn.pl\/blog\/wp-content\/uploads\/2018\/10\/16401-eb10-300x300.jpg 300w, https:\/\/vaku-dsgn.pl\/blog\/wp-content\/uploads\/2018\/10\/16401-eb10-768x768.jpg 768w, https:\/\/vaku-dsgn.pl\/blog\/wp-content\/uploads\/2018\/10\/16401-eb10-1024x1024.jpg 1024w, https:\/\/vaku-dsgn.pl\/blog\/wp-content\/uploads\/2018\/10\/16401-eb10-88x88.jpg 88w, https:\/\/vaku-dsgn.pl\/blog\/wp-content\/uploads\/2018\/10\/16401-eb10-973x973.jpg 973w, https:\/\/vaku-dsgn.pl\/blog\/wp-content\/uploads\/2018\/10\/16401-eb10-508x508.jpg 508w\" sizes=\"(max-width: 150px) 100vw, 150px\" \/><\/a><a href=\"https:\/\/vaku-dsgn.pl\/sklep\/abstrakcje\/612-karminowy-sen-nowoczesny-obraz-na-plotnie.html\" target=\"_blank\" rel=\"noopener\"><img loading=\"lazy\" class=\"alignleft wp-image-3206 size-thumbnail\" title=\"Karminowy sen - nowoczesny obraz na p\u0142\u00f3tnie\" src=\"https:\/\/www.vaku-dsgn.pl\/blog\/wp-content\/uploads\/2018\/10\/34701-eb10-150x150.jpg\" alt=\"obraz w stylu Bauhaus w kolorze pomara\u0144czowym\" width=\"150\" height=\"150\" srcset=\"https:\/\/vaku-dsgn.pl\/blog\/wp-content\/uploads\/2018\/10\/34701-eb10-150x150.jpg 150w, https:\/\/vaku-dsgn.pl\/blog\/wp-content\/uploads\/2018\/10\/34701-eb10-300x300.jpg 300w, https:\/\/vaku-dsgn.pl\/blog\/wp-content\/uploads\/2018\/10\/34701-eb10-768x768.jpg 768w, https:\/\/vaku-dsgn.pl\/blog\/wp-content\/uploads\/2018\/10\/34701-eb10-1024x1024.jpg 1024w, https:\/\/vaku-dsgn.pl\/blog\/wp-content\/uploads\/2018\/10\/34701-eb10-88x88.jpg 88w, https:\/\/vaku-dsgn.pl\/blog\/wp-content\/uploads\/2018\/10\/34701-eb10-973x973.jpg 973w, https:\/\/vaku-dsgn.pl\/blog\/wp-content\/uploads\/2018\/10\/34701-eb10-508x508.jpg 508w\" sizes=\"(max-width: 150px) 100vw, 150px\" \/><\/a><\/p>\n<p><a href=\"https:\/\/vaku-dsgn.pl\/sklep\/abstrakcje\/611-szlachetny-blichtr-nowoczesny-obraz-na-plotnie.html\" target=\"_blank\" rel=\"noopener\"><img loading=\"lazy\" class=\"alignleft wp-image-3204 size-thumbnail\" title=\"Szlachetny blichtr - nowoczesny obraz na p\u0142\u00f3tnie\" src=\"https:\/\/www.vaku-dsgn.pl\/blog\/wp-content\/uploads\/2018\/10\/34601-eb10-150x150.jpg\" alt=\"obraz z tr\u00f3jk\u0105tami w stylu Bauhaus wykonany w kolorach z\u0142otym i czarnym\" width=\"150\" height=\"150\" srcset=\"https:\/\/vaku-dsgn.pl\/blog\/wp-content\/uploads\/2018\/10\/34601-eb10-150x150.jpg 150w, https:\/\/vaku-dsgn.pl\/blog\/wp-content\/uploads\/2018\/10\/34601-eb10-300x300.jpg 300w, https:\/\/vaku-dsgn.pl\/blog\/wp-content\/uploads\/2018\/10\/34601-eb10-768x768.jpg 768w, https:\/\/vaku-dsgn.pl\/blog\/wp-content\/uploads\/2018\/10\/34601-eb10-1024x1024.jpg 1024w, https:\/\/vaku-dsgn.pl\/blog\/wp-content\/uploads\/2018\/10\/34601-eb10-88x88.jpg 88w, https:\/\/vaku-dsgn.pl\/blog\/wp-content\/uploads\/2018\/10\/34601-eb10-973x973.jpg 973w, https:\/\/vaku-dsgn.pl\/blog\/wp-content\/uploads\/2018\/10\/34601-eb10-508x508.jpg 508w\" sizes=\"(max-width: 150px) 100vw, 150px\" \/><\/a><a href=\"https:\/\/vaku-dsgn.pl\/sklep\/abstrakcje\/614-lustro-duszy-nowoczesny-obraz-do-salonu.html\" target=\"_blank\" rel=\"noopener\"><img loading=\"lazy\" class=\"alignleft wp-image-3205 size-thumbnail\" title=\"Lustro duszy - nowoczesny obraz do salonu\" src=\"https:\/\/www.vaku-dsgn.pl\/blog\/wp-content\/uploads\/2018\/10\/34901-eb10-150x150.jpg\" alt=\"abstrakcyjny obraz w stylu Bauhaus\" width=\"150\" height=\"150\" srcset=\"https:\/\/vaku-dsgn.pl\/blog\/wp-content\/uploads\/2018\/10\/34901-eb10-150x150.jpg 150w, https:\/\/vaku-dsgn.pl\/blog\/wp-content\/uploads\/2018\/10\/34901-eb10-300x300.jpg 300w, https:\/\/vaku-dsgn.pl\/blog\/wp-content\/uploads\/2018\/10\/34901-eb10-768x768.jpg 768w, https:\/\/vaku-dsgn.pl\/blog\/wp-content\/uploads\/2018\/10\/34901-eb10-1024x1024.jpg 1024w, https:\/\/vaku-dsgn.pl\/blog\/wp-content\/uploads\/2018\/10\/34901-eb10-88x88.jpg 88w, https:\/\/vaku-dsgn.pl\/blog\/wp-content\/uploads\/2018\/10\/34901-eb10-973x973.jpg 973w, https:\/\/vaku-dsgn.pl\/blog\/wp-content\/uploads\/2018\/10\/34901-eb10-508x508.jpg 508w\" sizes=\"(max-width: 150px) 100vw, 150px\" \/><\/a><\/p>\n<p><a href=\"https:\/\/vaku-dsgn.pl\/sklep\/abstrakcje\/686-podroze-z-mondrianem-nowoczesny-obraz-na-plotnie.html\" target=\"_blank\" rel=\"noopener\"><img loading=\"lazy\" class=\"alignleft wp-image-3193 size-thumbnail\" title=\"Podr\u00f3\u017ce z Mondrianem - nowoczesny obraz na p\u0142\u00f3tnie\" src=\"https:\/\/www.vaku-dsgn.pl\/blog\/wp-content\/uploads\/2018\/10\/38301-eb10-150x150.jpg\" alt=\"mapa w stylu Bauhaus\" width=\"150\" height=\"150\" srcset=\"https:\/\/vaku-dsgn.pl\/blog\/wp-content\/uploads\/2018\/10\/38301-eb10-150x150.jpg 150w, https:\/\/vaku-dsgn.pl\/blog\/wp-content\/uploads\/2018\/10\/38301-eb10-300x300.jpg 300w, https:\/\/vaku-dsgn.pl\/blog\/wp-content\/uploads\/2018\/10\/38301-eb10-768x768.jpg 768w, https:\/\/vaku-dsgn.pl\/blog\/wp-content\/uploads\/2018\/10\/38301-eb10-1024x1024.jpg 1024w, https:\/\/vaku-dsgn.pl\/blog\/wp-content\/uploads\/2018\/10\/38301-eb10-88x88.jpg 88w, https:\/\/vaku-dsgn.pl\/blog\/wp-content\/uploads\/2018\/10\/38301-eb10-973x973.jpg 973w, https:\/\/vaku-dsgn.pl\/blog\/wp-content\/uploads\/2018\/10\/38301-eb10-508x508.jpg 508w\" sizes=\"(max-width: 150px) 100vw, 150px\" \/><\/a><a href=\"https:\/\/vaku-dsgn.pl\/sklep\/abstrakcje\/943-wspolny-mianownik-nowoczesny-obraz-na-plotnie.html\" target=\"_blank\" rel=\"noopener\"><img loading=\"lazy\" class=\"alignleft wp-image-3194 size-thumbnail\" title=\"Wsp\u00f3lny mianownik - nowoczesny obraz na p\u0142\u00f3tnie\" src=\"https:\/\/www.vaku-dsgn.pl\/blog\/wp-content\/uploads\/2018\/10\/49501-eb10-150x150.jpg\" alt=\"geometryczny wz\u00f3r na szarym tle\" width=\"150\" height=\"150\" srcset=\"https:\/\/vaku-dsgn.pl\/blog\/wp-content\/uploads\/2018\/10\/49501-eb10-150x150.jpg 150w, https:\/\/vaku-dsgn.pl\/blog\/wp-content\/uploads\/2018\/10\/49501-eb10-300x300.jpg 300w, https:\/\/vaku-dsgn.pl\/blog\/wp-content\/uploads\/2018\/10\/49501-eb10-768x768.jpg 768w, https:\/\/vaku-dsgn.pl\/blog\/wp-content\/uploads\/2018\/10\/49501-eb10-1024x1024.jpg 1024w, https:\/\/vaku-dsgn.pl\/blog\/wp-content\/uploads\/2018\/10\/49501-eb10-88x88.jpg 88w, https:\/\/vaku-dsgn.pl\/blog\/wp-content\/uploads\/2018\/10\/49501-eb10-973x973.jpg 973w, https:\/\/vaku-dsgn.pl\/blog\/wp-content\/uploads\/2018\/10\/49501-eb10-508x508.jpg 508w\" sizes=\"(max-width: 150px) 100vw, 150px\" \/><\/a><a href=\"https:\/\/vaku-dsgn.pl\/sklep\/abstrakcje\/441-wielka-szarada-nowoczesny-obraz-na-plotnie.html\" target=\"_blank\" rel=\"noopener\"><img loading=\"lazy\" class=\"alignleft wp-image-3195 size-thumbnail\" title=\"Wielka szarada - nowoczesny obraz na p\u0142\u00f3tnie\" src=\"https:\/\/www.vaku-dsgn.pl\/blog\/wp-content\/uploads\/2018\/10\/31001-eb10-150x150.jpg\" alt=\"kolorowe ko\u0142a na szarym tle\" width=\"150\" height=\"150\" srcset=\"https:\/\/vaku-dsgn.pl\/blog\/wp-content\/uploads\/2018\/10\/31001-eb10-150x150.jpg 150w, https:\/\/vaku-dsgn.pl\/blog\/wp-content\/uploads\/2018\/10\/31001-eb10-300x300.jpg 300w, https:\/\/vaku-dsgn.pl\/blog\/wp-content\/uploads\/2018\/10\/31001-eb10-768x768.jpg 768w, https:\/\/vaku-dsgn.pl\/blog\/wp-content\/uploads\/2018\/10\/31001-eb10-1024x1024.jpg 1024w, https:\/\/vaku-dsgn.pl\/blog\/wp-content\/uploads\/2018\/10\/31001-eb10-88x88.jpg 88w, https:\/\/vaku-dsgn.pl\/blog\/wp-content\/uploads\/2018\/10\/31001-eb10-973x973.jpg 973w, https:\/\/vaku-dsgn.pl\/blog\/wp-content\/uploads\/2018\/10\/31001-eb10-508x508.jpg 508w\" sizes=\"(max-width: 150px) 100vw, 150px\" \/><\/a><a href=\"https:\/\/vaku-dsgn.pl\/sklep\/abstrakcje\/256-spokoj-gor-nowoczesny-obraz-na-plotnie.html\" target=\"_blank\" rel=\"noopener\"><img loading=\"lazy\" class=\"alignleft wp-image-3196 size-thumbnail\" title=\"Spok\u00f3j g\u00f3r - nowoczesny obraz na p\u0142\u00f3tnie\" src=\"https:\/\/www.vaku-dsgn.pl\/blog\/wp-content\/uploads\/2018\/10\/19601-eb10-150x150.jpg\" alt=\"geometryczny obraz w stylu Bauhaus\" width=\"150\" height=\"150\" srcset=\"https:\/\/vaku-dsgn.pl\/blog\/wp-content\/uploads\/2018\/10\/19601-eb10-150x150.jpg 150w, https:\/\/vaku-dsgn.pl\/blog\/wp-content\/uploads\/2018\/10\/19601-eb10-300x300.jpg 300w, https:\/\/vaku-dsgn.pl\/blog\/wp-content\/uploads\/2018\/10\/19601-eb10-768x768.jpg 768w, https:\/\/vaku-dsgn.pl\/blog\/wp-content\/uploads\/2018\/10\/19601-eb10-1024x1024.jpg 1024w, https:\/\/vaku-dsgn.pl\/blog\/wp-content\/uploads\/2018\/10\/19601-eb10-88x88.jpg 88w, https:\/\/vaku-dsgn.pl\/blog\/wp-content\/uploads\/2018\/10\/19601-eb10-973x973.jpg 973w, https:\/\/vaku-dsgn.pl\/blog\/wp-content\/uploads\/2018\/10\/19601-eb10-508x508.jpg 508w\" sizes=\"(max-width: 150px) 100vw, 150px\" \/><\/a><a href=\"https:\/\/vaku-dsgn.pl\/sklep\/kwiaty\/191-kwiat-minimalizmu-nowoczesny-obraz-na-plotnie.html\" target=\"_blank\" rel=\"noopener\"><img loading=\"lazy\" class=\"alignleft wp-image-3197 size-thumbnail\" title=\"Kwiat minimalizmu - nowoczesny obraz na p\u0142\u00f3tnie\" src=\"https:\/\/www.vaku-dsgn.pl\/blog\/wp-content\/uploads\/2018\/10\/16301-eb10-150x150.jpg\" alt=\"minimalistyczny obraz z kwiatem w stylu Bauhaus\" width=\"150\" height=\"150\" srcset=\"https:\/\/vaku-dsgn.pl\/blog\/wp-content\/uploads\/2018\/10\/16301-eb10-150x150.jpg 150w, https:\/\/vaku-dsgn.pl\/blog\/wp-content\/uploads\/2018\/10\/16301-eb10-300x300.jpg 300w, https:\/\/vaku-dsgn.pl\/blog\/wp-content\/uploads\/2018\/10\/16301-eb10-768x768.jpg 768w, https:\/\/vaku-dsgn.pl\/blog\/wp-content\/uploads\/2018\/10\/16301-eb10-1024x1024.jpg 1024w, https:\/\/vaku-dsgn.pl\/blog\/wp-content\/uploads\/2018\/10\/16301-eb10-88x88.jpg 88w, https:\/\/vaku-dsgn.pl\/blog\/wp-content\/uploads\/2018\/10\/16301-eb10-973x973.jpg 973w, https:\/\/vaku-dsgn.pl\/blog\/wp-content\/uploads\/2018\/10\/16301-eb10-508x508.jpg 508w\" sizes=\"(max-width: 150px) 100vw, 150px\" \/><\/a><a href=\"https:\/\/vaku-dsgn.pl\/sklep\/minimalizm\/28-less-is-more.html\" target=\"_blank\" rel=\"noopener\"><img loading=\"lazy\" class=\"alignleft wp-image-3198 size-thumbnail\" title=\"Less is more - nowoczesny obraz na p\u0142\u00f3tnie\" src=\"https:\/\/www.vaku-dsgn.pl\/blog\/wp-content\/uploads\/2018\/10\/00701-eb10-150x150.jpg\" alt=\"geometryczny obraz w stylu Bauhaus w czerni i bieli\" width=\"150\" height=\"150\" srcset=\"https:\/\/vaku-dsgn.pl\/blog\/wp-content\/uploads\/2018\/10\/00701-eb10-150x150.jpg 150w, https:\/\/vaku-dsgn.pl\/blog\/wp-content\/uploads\/2018\/10\/00701-eb10-300x300.jpg 300w, https:\/\/vaku-dsgn.pl\/blog\/wp-content\/uploads\/2018\/10\/00701-eb10-768x768.jpg 768w, https:\/\/vaku-dsgn.pl\/blog\/wp-content\/uploads\/2018\/10\/00701-eb10-1024x1024.jpg 1024w, https:\/\/vaku-dsgn.pl\/blog\/wp-content\/uploads\/2018\/10\/00701-eb10-88x88.jpg 88w, https:\/\/vaku-dsgn.pl\/blog\/wp-content\/uploads\/2018\/10\/00701-eb10-973x973.jpg 973w, https:\/\/vaku-dsgn.pl\/blog\/wp-content\/uploads\/2018\/10\/00701-eb10-508x508.jpg 508w\" sizes=\"(max-width: 150px) 100vw, 150px\" \/><\/a><br \/>\n<script async defer src=\"\/\/assets.pinterest.com\/js\/pinit.js\"><\/script><\/p>\n","protected":false},"excerpt":{"rendered":"<p>Bauhaus \u2013 pionierska my\u015bl o designie w trudnych czasach. Walter Adolf Georg Gropius \u2013 niemiecki architekt \u2013 postanawia za\u0142o\u017cy\u0107 szko\u0142\u0119, kt\u00f3ra po\u0142\u0105czy w sp\u00f3jn\u0105 ca\u0142o\u015b\u0107 artyst\u00f3w i fachowc\u00f3w&#8230;<\/p>\n","protected":false},"author":1,"featured_media":3192,"comment_status":"open","ping_status":"open","sticky":false,"template":"","format":"standard","meta":{"jetpack_publicize_message":"","jetpack_is_tweetstorm":false,"jetpack_publicize_feature_enabled":true},"categories":[762],"tags":[592,240,818,336,813,57,239,10,154,58,817,816,815,20,43,61,60,814,819,820,19,55,56],"jetpack_publicize_connections":[],"yoast_head":"<!-- This site is optimized with the Yoast SEO plugin v19.6 - https:\/\/yoast.com\/wordpress\/plugins\/seo\/ -->\n<title>Bauhaus - pionierska my\u015bl o designie w trudnych czasach - Blog wn\u0119trzarski | VAKU-DSGN<\/title>\n<meta name=\"robots\" content=\"index, follow, max-snippet:-1, max-image-preview:large, max-video-preview:-1\" \/>\n<link rel=\"canonical\" href=\"https:\/\/vaku-dsgn.pl\/blog\/bauhaus-pionierska-mysl-o-designie-w-trudnych-czasach\/\" \/>\n<meta property=\"og:locale\" content=\"pl_PL\" \/>\n<meta property=\"og:type\" content=\"article\" \/>\n<meta property=\"og:title\" content=\"Bauhaus - pionierska my\u015bl o designie w trudnych czasach - Blog wn\u0119trzarski | VAKU-DSGN\" \/>\n<meta property=\"og:description\" content=\"Bauhaus \u2013 pionierska my\u015bl o designie w trudnych czasach. Walter Adolf Georg Gropius \u2013 niemiecki architekt \u2013 postanawia za\u0142o\u017cy\u0107 szko\u0142\u0119, kt\u00f3ra po\u0142\u0105czy w sp\u00f3jn\u0105 ca\u0142o\u015b\u0107 artyst\u00f3w i fachowc\u00f3w...\" \/>\n<meta property=\"og:url\" content=\"https:\/\/vaku-dsgn.pl\/blog\/bauhaus-pionierska-mysl-o-designie-w-trudnych-czasach\/\" \/>\n<meta property=\"og:site_name\" content=\"Blog wn\u0119trzarski | VAKU-DSGN\" \/>\n<meta property=\"article:published_time\" content=\"2018-11-02T05:58:00+00:00\" \/>\n<meta property=\"og:image\" content=\"https:\/\/vaku-dsgn.pl\/blog\/wp-content\/uploads\/2018\/10\/bauhaus.png\" \/>\n\t<meta property=\"og:image:width\" content=\"940\" \/>\n\t<meta property=\"og:image:height\" content=\"788\" \/>\n\t<meta property=\"og:image:type\" content=\"image\/png\" \/>\n<meta name=\"author\" content=\"vaku-dsgn\" \/>\n<meta name=\"twitter:card\" content=\"summary_large_image\" \/>\n<meta name=\"twitter:label1\" content=\"Napisane przez\" \/>\n\t<meta name=\"twitter:data1\" content=\"vaku-dsgn\" \/>\n\t<meta name=\"twitter:label2\" content=\"Szacowany czas czytania\" \/>\n\t<meta name=\"twitter:data2\" content=\"2 minuty\" \/>\n<script type=\"application\/ld+json\" class=\"yoast-schema-graph\">{\"@context\":\"https:\/\/schema.org\",\"@graph\":[{\"@type\":\"WebPage\",\"@id\":\"https:\/\/vaku-dsgn.pl\/blog\/bauhaus-pionierska-mysl-o-designie-w-trudnych-czasach\/\",\"url\":\"https:\/\/vaku-dsgn.pl\/blog\/bauhaus-pionierska-mysl-o-designie-w-trudnych-czasach\/\",\"name\":\"Bauhaus - pionierska my\u015bl o designie w trudnych czasach - Blog wn\u0119trzarski | VAKU-DSGN\",\"isPartOf\":{\"@id\":\"https:\/\/vaku-dsgn.pl\/blog\/#website\"},\"datePublished\":\"2018-11-02T05:58:00+00:00\",\"dateModified\":\"2018-11-02T05:58:00+00:00\",\"author\":{\"@id\":\"https:\/\/vaku-dsgn.pl\/blog\/#\/schema\/person\/7e526591f045b0b95af3cd3b4ebd86d4\"},\"breadcrumb\":{\"@id\":\"https:\/\/vaku-dsgn.pl\/blog\/bauhaus-pionierska-mysl-o-designie-w-trudnych-czasach\/#breadcrumb\"},\"inLanguage\":\"pl-PL\",\"potentialAction\":[{\"@type\":\"ReadAction\",\"target\":[\"https:\/\/vaku-dsgn.pl\/blog\/bauhaus-pionierska-mysl-o-designie-w-trudnych-czasach\/\"]}]},{\"@type\":\"BreadcrumbList\",\"@id\":\"https:\/\/vaku-dsgn.pl\/blog\/bauhaus-pionierska-mysl-o-designie-w-trudnych-czasach\/#breadcrumb\",\"itemListElement\":[{\"@type\":\"ListItem\",\"position\":1,\"name\":\"Strona g\u0142\u00f3wna\",\"item\":\"https:\/\/vaku-dsgn.pl\/blog\/\"},{\"@type\":\"ListItem\",\"position\":2,\"name\":\"Bauhaus &#8211; pionierska my\u015bl o designie w trudnych czasach\"}]},{\"@type\":\"WebSite\",\"@id\":\"https:\/\/vaku-dsgn.pl\/blog\/#website\",\"url\":\"https:\/\/vaku-dsgn.pl\/blog\/\",\"name\":\"Blog wn\u0119trzarski | VAKU-DSGN\",\"description\":\"Wystr\u00f3j wn\u0119trz, design, inspiracje, DIY\",\"potentialAction\":[{\"@type\":\"SearchAction\",\"target\":{\"@type\":\"EntryPoint\",\"urlTemplate\":\"https:\/\/vaku-dsgn.pl\/blog\/?s={search_term_string}\"},\"query-input\":\"required name=search_term_string\"}],\"inLanguage\":\"pl-PL\"},{\"@type\":\"Person\",\"@id\":\"https:\/\/vaku-dsgn.pl\/blog\/#\/schema\/person\/7e526591f045b0b95af3cd3b4ebd86d4\",\"name\":\"vaku-dsgn\",\"image\":{\"@type\":\"ImageObject\",\"inLanguage\":\"pl-PL\",\"@id\":\"https:\/\/vaku-dsgn.pl\/blog\/#\/schema\/person\/image\/\",\"url\":\"https:\/\/secure.gravatar.com\/avatar\/5fba4d62872d676344a239bcb19c1f51?s=96&d=mm&r=g\",\"contentUrl\":\"https:\/\/secure.gravatar.com\/avatar\/5fba4d62872d676344a239bcb19c1f51?s=96&d=mm&r=g\",\"caption\":\"vaku-dsgn\"},\"sameAs\":[\"http:\/\/www.vaku-dsgn.pl\"],\"url\":\"https:\/\/vaku-dsgn.pl\/blog\/author\/vaku-dsgn\/\"}]}<\/script>\n<!-- \/ Yoast SEO plugin. -->","yoast_head_json":{"title":"Bauhaus - pionierska my\u015bl o designie w trudnych czasach - Blog wn\u0119trzarski | VAKU-DSGN","robots":{"index":"index","follow":"follow","max-snippet":"max-snippet:-1","max-image-preview":"max-image-preview:large","max-video-preview":"max-video-preview:-1"},"canonical":"https:\/\/vaku-dsgn.pl\/blog\/bauhaus-pionierska-mysl-o-designie-w-trudnych-czasach\/","og_locale":"pl_PL","og_type":"article","og_title":"Bauhaus - pionierska my\u015bl o designie w trudnych czasach - Blog wn\u0119trzarski | VAKU-DSGN","og_description":"Bauhaus \u2013 pionierska my\u015bl o designie w trudnych czasach. Walter Adolf Georg Gropius \u2013 niemiecki architekt \u2013 postanawia za\u0142o\u017cy\u0107 szko\u0142\u0119, kt\u00f3ra po\u0142\u0105czy w sp\u00f3jn\u0105 ca\u0142o\u015b\u0107 artyst\u00f3w i fachowc\u00f3w...","og_url":"https:\/\/vaku-dsgn.pl\/blog\/bauhaus-pionierska-mysl-o-designie-w-trudnych-czasach\/","og_site_name":"Blog wn\u0119trzarski | VAKU-DSGN","article_published_time":"2018-11-02T05:58:00+00:00","og_image":[{"width":940,"height":788,"url":"https:\/\/vaku-dsgn.pl\/blog\/wp-content\/uploads\/2018\/10\/bauhaus.png","type":"image\/png"}],"author":"vaku-dsgn","twitter_card":"summary_large_image","twitter_misc":{"Napisane przez":"vaku-dsgn","Szacowany czas czytania":"2 minuty"},"schema":{"@context":"https:\/\/schema.org","@graph":[{"@type":"WebPage","@id":"https:\/\/vaku-dsgn.pl\/blog\/bauhaus-pionierska-mysl-o-designie-w-trudnych-czasach\/","url":"https:\/\/vaku-dsgn.pl\/blog\/bauhaus-pionierska-mysl-o-designie-w-trudnych-czasach\/","name":"Bauhaus - pionierska my\u015bl o designie w trudnych czasach - Blog wn\u0119trzarski | VAKU-DSGN","isPartOf":{"@id":"https:\/\/vaku-dsgn.pl\/blog\/#website"},"datePublished":"2018-11-02T05:58:00+00:00","dateModified":"2018-11-02T05:58:00+00:00","author":{"@id":"https:\/\/vaku-dsgn.pl\/blog\/#\/schema\/person\/7e526591f045b0b95af3cd3b4ebd86d4"},"breadcrumb":{"@id":"https:\/\/vaku-dsgn.pl\/blog\/bauhaus-pionierska-mysl-o-designie-w-trudnych-czasach\/#breadcrumb"},"inLanguage":"pl-PL","potentialAction":[{"@type":"ReadAction","target":["https:\/\/vaku-dsgn.pl\/blog\/bauhaus-pionierska-mysl-o-designie-w-trudnych-czasach\/"]}]},{"@type":"BreadcrumbList","@id":"https:\/\/vaku-dsgn.pl\/blog\/bauhaus-pionierska-mysl-o-designie-w-trudnych-czasach\/#breadcrumb","itemListElement":[{"@type":"ListItem","position":1,"name":"Strona g\u0142\u00f3wna","item":"https:\/\/vaku-dsgn.pl\/blog\/"},{"@type":"ListItem","position":2,"name":"Bauhaus &#8211; pionierska my\u015bl o designie w trudnych czasach"}]},{"@type":"WebSite","@id":"https:\/\/vaku-dsgn.pl\/blog\/#website","url":"https:\/\/vaku-dsgn.pl\/blog\/","name":"Blog wn\u0119trzarski | VAKU-DSGN","description":"Wystr\u00f3j wn\u0119trz, design, inspiracje, DIY","potentialAction":[{"@type":"SearchAction","target":{"@type":"EntryPoint","urlTemplate":"https:\/\/vaku-dsgn.pl\/blog\/?s={search_term_string}"},"query-input":"required name=search_term_string"}],"inLanguage":"pl-PL"},{"@type":"Person","@id":"https:\/\/vaku-dsgn.pl\/blog\/#\/schema\/person\/7e526591f045b0b95af3cd3b4ebd86d4","name":"vaku-dsgn","image":{"@type":"ImageObject","inLanguage":"pl-PL","@id":"https:\/\/vaku-dsgn.pl\/blog\/#\/schema\/person\/image\/","url":"https:\/\/secure.gravatar.com\/avatar\/5fba4d62872d676344a239bcb19c1f51?s=96&d=mm&r=g","contentUrl":"https:\/\/secure.gravatar.com\/avatar\/5fba4d62872d676344a239bcb19c1f51?s=96&d=mm&r=g","caption":"vaku-dsgn"},"sameAs":["http:\/\/www.vaku-dsgn.pl"],"url":"https:\/\/vaku-dsgn.pl\/blog\/author\/vaku-dsgn\/"}]}},"jetpack_featured_media_url":"https:\/\/vaku-dsgn.pl\/blog\/wp-content\/uploads\/2018\/10\/bauhaus.png","jetpack_sharing_enabled":true,"jetpack_shortlink":"https:\/\/wp.me\/p82XUN-Pk","_links":{"self":[{"href":"https:\/\/vaku-dsgn.pl\/blog\/wp-json\/wp\/v2\/posts\/3182"}],"collection":[{"href":"https:\/\/vaku-dsgn.pl\/blog\/wp-json\/wp\/v2\/posts"}],"about":[{"href":"https:\/\/vaku-dsgn.pl\/blog\/wp-json\/wp\/v2\/types\/post"}],"author":[{"embeddable":true,"href":"https:\/\/vaku-dsgn.pl\/blog\/wp-json\/wp\/v2\/users\/1"}],"replies":[{"embeddable":true,"href":"https:\/\/vaku-dsgn.pl\/blog\/wp-json\/wp\/v2\/comments?post=3182"}],"version-history":[{"count":15,"href":"https:\/\/vaku-dsgn.pl\/blog\/wp-json\/wp\/v2\/posts\/3182\/revisions"}],"predecessor-version":[{"id":3209,"href":"https:\/\/vaku-dsgn.pl\/blog\/wp-json\/wp\/v2\/posts\/3182\/revisions\/3209"}],"wp:featuredmedia":[{"embeddable":true,"href":"https:\/\/vaku-dsgn.pl\/blog\/wp-json\/wp\/v2\/media\/3192"}],"wp:attachment":[{"href":"https:\/\/vaku-dsgn.pl\/blog\/wp-json\/wp\/v2\/media?parent=3182"}],"wp:term":[{"taxonomy":"category","embeddable":true,"href":"https:\/\/vaku-dsgn.pl\/blog\/wp-json\/wp\/v2\/categories?post=3182"},{"taxonomy":"post_tag","embeddable":true,"href":"https:\/\/vaku-dsgn.pl\/blog\/wp-json\/wp\/v2\/tags?post=3182"}],"curies":[{"name":"wp","href":"https:\/\/api.w.org\/{rel}","templated":true}]}}