{"id":1782,"date":"2017-06-02T05:53:47","date_gmt":"2017-06-02T05:53:47","guid":{"rendered":"https:\/\/www.vaku-dsgn.pl\/blog\/?p=1782"},"modified":"2018-08-20T12:21:51","modified_gmt":"2018-08-20T12:21:51","slug":"jak-dobrac-kolor-kanapy-do-wnetrza","status":"publish","type":"post","link":"https:\/\/vaku-dsgn.pl\/blog\/jak-dobrac-kolor-kanapy-do-wnetrza\/","title":{"rendered":"Jak dobra\u0107 kolor kanapy do wn\u0119trza?"},"content":{"rendered":"<p style=\"text-align: justify;\">Strefa komfortu w salonie to miejsce tak znacz\u0105ce dla wystroju wn\u0119trza jak wie\u017ca Eiffla dla Pary\u017ca czy p\u0119dzel dla malarza. Nieistotne jak\u0105 form\u0119 przybierze: szezlongu, sofy czy naro\u017cnika &#8211; nie mo\u017ce si\u0119 bez niej obej\u015b\u0107 \u017caden dzienny pok\u00f3j. To jaki charakter odda wn\u0119trzu le\u017cy w du\u017cej mierze po stronie koloru obicia, w jakim zdecydujemy si\u0119 j\u0105 udekorowa\u0107. Barwy w jakie &#8222;ubierzemy&#8221; sof\u0119 determinuj\u0105 po cz\u0119\u015bci stylistyk\u0119 wn\u0119trza, jak r\u00f3wnie\u017c staj\u0105 si\u0119 punktem wyj\u015bcia do kontynuacji dekoracji pozosta\u0142ej cz\u0119\u015bci pomieszczenia. Zapraszamy na przegl\u0105d najmodniejszych kolor\u00f3w <a href=\"https:\/\/www.vaku-dsgn.pl\/blog\/vaku-poleca-wybieramy-kanape-idealna\/\">zestaw\u00f3w wypoczynkowych<\/a> w roku 2017!<\/p>\n<p style=\"text-align: justify;\"><strong>Kolor musztardowy<\/strong> &#8211; najbardziej wyrazisty z dobranej w ramach dzisiejszego wpisu palety. Jest na tyle charakterystyczny, \u017ce nie potrzebuje dodatkowej otoczki w postaci wn\u0119trzarskich dodatk\u00f3w. Wykorzystywany w stylizacjach retro i vintage. Bardzo cz\u0119sto u\u017cywany w sk\u00f3rzanych obiciach. Podkre\u015bla ich indywidualny charakter, klasyczno\u015b\u0107 oraz nut\u0119 luksusu. Zaprezentowane aran\u017cacje salon\u00f3w si\u0119gaj\u0105 po po\u0142\u0105czenie musztardowych \u017c\u00f3\u0142ci z dostojno\u015bci\u0105 naturalnych posadzek, uwypuklaj\u0105cych wintyd\u017cowy akcent ca\u0142ego wystroju.<\/p>\n<p style=\"text-align: justify;\"><a href=\"https:\/\/www.vaku-dsgn.pl\/blog\/wp-content\/uploads\/2017\/05\/13.jpg\" target=\"_blank\" data-rel=\"lightbox-gallery-0\" data-rl_title=\"\" data-rl_caption=\"\"><img loading=\"lazy\" class=\"aligncenter wp-image-1784 size-full\" title=\"\" src=\"https:\/\/www.vaku-dsgn.pl\/blog\/wp-content\/uploads\/2017\/05\/13.jpg\" alt=\"sofa w kolorze musztardowym\" width=\"1440\" height=\"1080\" srcset=\"https:\/\/vaku-dsgn.pl\/blog\/wp-content\/uploads\/2017\/05\/13.jpg 1440w, https:\/\/vaku-dsgn.pl\/blog\/wp-content\/uploads\/2017\/05\/13-300x225.jpg 300w, https:\/\/vaku-dsgn.pl\/blog\/wp-content\/uploads\/2017\/05\/13-768x576.jpg 768w, https:\/\/vaku-dsgn.pl\/blog\/wp-content\/uploads\/2017\/05\/13-1024x768.jpg 1024w, https:\/\/vaku-dsgn.pl\/blog\/wp-content\/uploads\/2017\/05\/13-467x350.jpg 467w\" sizes=\"(max-width: 1440px) 100vw, 1440px\" \/><\/a><\/p>\n<p style=\"text-align: justify;\"><a href=\"https:\/\/www.vaku-dsgn.pl\/blog\/wp-content\/uploads\/2017\/05\/6-3.jpg\" target=\"_blank\" data-rel=\"lightbox-gallery-0\" data-rl_title=\"\" data-rl_caption=\"\"><img loading=\"lazy\" class=\"aligncenter wp-image-1785 size-full\" title=\"\" src=\"https:\/\/www.vaku-dsgn.pl\/blog\/wp-content\/uploads\/2017\/05\/6-3.jpg\" alt=\"sofa w kolorze musztardowym\" width=\"1440\" height=\"1080\" srcset=\"https:\/\/vaku-dsgn.pl\/blog\/wp-content\/uploads\/2017\/05\/6-3.jpg 1440w, https:\/\/vaku-dsgn.pl\/blog\/wp-content\/uploads\/2017\/05\/6-3-300x225.jpg 300w, https:\/\/vaku-dsgn.pl\/blog\/wp-content\/uploads\/2017\/05\/6-3-768x576.jpg 768w, https:\/\/vaku-dsgn.pl\/blog\/wp-content\/uploads\/2017\/05\/6-3-1024x768.jpg 1024w, https:\/\/vaku-dsgn.pl\/blog\/wp-content\/uploads\/2017\/05\/6-3-467x350.jpg 467w\" sizes=\"(max-width: 1440px) 100vw, 1440px\" \/><\/a><\/p>\n<p style=\"text-align: justify;\"><strong>Czysta biel<\/strong> &#8211; baza to tworzenia wszelakich aran\u017cacji &#8211; od skandynawskich do nowojorskich. Wyb\u00f3r bia\u0142ego obicia sofy lub naro\u017cnika to rozwi\u0105zanie bardzo eleganckie, podnosz\u0105ce standard wystroju, lecz nios\u0105ce za sob\u0105 wysokie ryzyko szybkiego zepsucia tego efektu. Przeznaczony do wn\u0119trz, w kt\u00f3rych panuje wysoki rygor w sferze u\u017cytkowania przedmiot\u00f3w.<\/p>\n<p style=\"text-align: justify;\"><a href=\"https:\/\/www.vaku-dsgn.pl\/blog\/wp-content\/uploads\/2017\/05\/3-3.jpg\" target=\"_blank\" data-rel=\"lightbox-gallery-0\" data-rl_title=\"\" data-rl_caption=\"\"><img loading=\"lazy\" class=\"aligncenter wp-image-1786 size-full\" title=\"\" src=\"https:\/\/www.vaku-dsgn.pl\/blog\/wp-content\/uploads\/2017\/05\/3-3.jpg\" alt=\"bia\u0142a sofa\" width=\"1440\" height=\"1080\" srcset=\"https:\/\/vaku-dsgn.pl\/blog\/wp-content\/uploads\/2017\/05\/3-3.jpg 1440w, https:\/\/vaku-dsgn.pl\/blog\/wp-content\/uploads\/2017\/05\/3-3-300x225.jpg 300w, https:\/\/vaku-dsgn.pl\/blog\/wp-content\/uploads\/2017\/05\/3-3-768x576.jpg 768w, https:\/\/vaku-dsgn.pl\/blog\/wp-content\/uploads\/2017\/05\/3-3-1024x768.jpg 1024w, https:\/\/vaku-dsgn.pl\/blog\/wp-content\/uploads\/2017\/05\/3-3-467x350.jpg 467w\" sizes=\"(max-width: 1440px) 100vw, 1440px\" \/><\/a><\/p>\n<p style=\"text-align: justify;\"><a href=\"https:\/\/www.vaku-dsgn.pl\/blog\/wp-content\/uploads\/2017\/05\/7-3.jpg\" target=\"_blank\" data-rel=\"lightbox-gallery-0\" data-rl_title=\"\" data-rl_caption=\"\"><img loading=\"lazy\" class=\"aligncenter wp-image-1787 size-full\" title=\"\" src=\"https:\/\/www.vaku-dsgn.pl\/blog\/wp-content\/uploads\/2017\/05\/7-3.jpg\" alt=\"bia\u0142a sofa i fotel\" width=\"1440\" height=\"1080\" srcset=\"https:\/\/vaku-dsgn.pl\/blog\/wp-content\/uploads\/2017\/05\/7-3.jpg 1440w, https:\/\/vaku-dsgn.pl\/blog\/wp-content\/uploads\/2017\/05\/7-3-300x225.jpg 300w, https:\/\/vaku-dsgn.pl\/blog\/wp-content\/uploads\/2017\/05\/7-3-768x576.jpg 768w, https:\/\/vaku-dsgn.pl\/blog\/wp-content\/uploads\/2017\/05\/7-3-1024x768.jpg 1024w, https:\/\/vaku-dsgn.pl\/blog\/wp-content\/uploads\/2017\/05\/7-3-467x350.jpg 467w\" sizes=\"(max-width: 1440px) 100vw, 1440px\" \/><\/a><\/p>\n<p style=\"text-align: justify;\"><strong>G\u0142\u0119bokie czernie<\/strong> &#8211; idealne do wn\u0119trz industrialnych i eklektycznych. Pi\u0119knie komponuj\u0105 si\u0119 z miedzianymi dodatkami i drewnem. Bardzo dobrze prezentuj\u0105 si\u0119 w odcieniach niejednolitych, \u0142\u0105czonych z modnym melan\u017cem. W sferze dodatk\u00f3w panuje szeroka dowolno\u015b\u0107. Czarn\u0105 kanap\u0119 prze\u0142amiemy niemal ka\u017cdym kolorem. Decyzja o czarnym obiciu jest wi\u0119c bardzo praktycznym i uniwersalnym wyborem.<\/p>\n<p style=\"text-align: justify;\"><a href=\"https:\/\/www.vaku-dsgn.pl\/blog\/wp-content\/uploads\/2017\/05\/8-2.jpg\" target=\"_blank\" data-rel=\"lightbox-gallery-0\" data-rl_title=\"\" data-rl_caption=\"\"><img loading=\"lazy\" class=\"aligncenter wp-image-1789 size-full\" title=\"\" src=\"https:\/\/www.vaku-dsgn.pl\/blog\/wp-content\/uploads\/2017\/05\/8-2.jpg\" alt=\"czarny naro\u017cnik\" width=\"1440\" height=\"1080\" srcset=\"https:\/\/vaku-dsgn.pl\/blog\/wp-content\/uploads\/2017\/05\/8-2.jpg 1440w, https:\/\/vaku-dsgn.pl\/blog\/wp-content\/uploads\/2017\/05\/8-2-300x225.jpg 300w, https:\/\/vaku-dsgn.pl\/blog\/wp-content\/uploads\/2017\/05\/8-2-768x576.jpg 768w, https:\/\/vaku-dsgn.pl\/blog\/wp-content\/uploads\/2017\/05\/8-2-1024x768.jpg 1024w, https:\/\/vaku-dsgn.pl\/blog\/wp-content\/uploads\/2017\/05\/8-2-467x350.jpg 467w\" sizes=\"(max-width: 1440px) 100vw, 1440px\" \/><\/a><\/p>\n<p style=\"text-align: justify;\"><a href=\"https:\/\/www.vaku-dsgn.pl\/blog\/wp-content\/uploads\/2017\/05\/1-4.jpg\" target=\"_blank\" data-rel=\"lightbox-gallery-0\" data-rl_title=\"\" data-rl_caption=\"\"><img loading=\"lazy\" class=\"aligncenter wp-image-1790 size-full\" title=\"\" src=\"https:\/\/www.vaku-dsgn.pl\/blog\/wp-content\/uploads\/2017\/05\/1-4.jpg\" alt=\"czarna sofa\" width=\"1440\" height=\"1080\" srcset=\"https:\/\/vaku-dsgn.pl\/blog\/wp-content\/uploads\/2017\/05\/1-4.jpg 1440w, https:\/\/vaku-dsgn.pl\/blog\/wp-content\/uploads\/2017\/05\/1-4-300x225.jpg 300w, https:\/\/vaku-dsgn.pl\/blog\/wp-content\/uploads\/2017\/05\/1-4-768x576.jpg 768w, https:\/\/vaku-dsgn.pl\/blog\/wp-content\/uploads\/2017\/05\/1-4-1024x768.jpg 1024w, https:\/\/vaku-dsgn.pl\/blog\/wp-content\/uploads\/2017\/05\/1-4-467x350.jpg 467w\" sizes=\"(max-width: 1440px) 100vw, 1440px\" \/><\/a><\/p>\n<p style=\"text-align: justify;\"><strong>Od indygo, przez morskie b\u0142\u0119kity po przygaszone zielenie<\/strong> &#8211; te odwa\u017cne barwy wykreuj\u0105 Wam salon z charakterem. G\u0142\u0119boki b\u0142\u0119kit znakomicie prze\u0142amie szwedzk\u0105 stylistyk\u0119, morskie akcenty znakomicie wpisz\u0105 si\u0119 w nowoczesne wn\u0119trza, a kolorystyka butelkowej zieleni i khaki korzystnie wp\u0142ynie na aran\u017cacje w eklektycznym stylu.<\/p>\n<p style=\"text-align: justify;\"><a href=\"https:\/\/www.vaku-dsgn.pl\/blog\/wp-content\/uploads\/2017\/05\/9-1.jpg\" target=\"_blank\" data-rel=\"lightbox-gallery-0\" data-rl_title=\"\" data-rl_caption=\"\"><img loading=\"lazy\" class=\"aligncenter wp-image-1791 size-full\" title=\"\" src=\"https:\/\/www.vaku-dsgn.pl\/blog\/wp-content\/uploads\/2017\/05\/9-1.jpg\" alt=\"sofa w kolorze indygo\" width=\"1440\" height=\"1080\" srcset=\"https:\/\/vaku-dsgn.pl\/blog\/wp-content\/uploads\/2017\/05\/9-1.jpg 1440w, https:\/\/vaku-dsgn.pl\/blog\/wp-content\/uploads\/2017\/05\/9-1-300x225.jpg 300w, https:\/\/vaku-dsgn.pl\/blog\/wp-content\/uploads\/2017\/05\/9-1-768x576.jpg 768w, https:\/\/vaku-dsgn.pl\/blog\/wp-content\/uploads\/2017\/05\/9-1-1024x768.jpg 1024w, https:\/\/vaku-dsgn.pl\/blog\/wp-content\/uploads\/2017\/05\/9-1-467x350.jpg 467w\" sizes=\"(max-width: 1440px) 100vw, 1440px\" \/><\/a><\/p>\n<p style=\"text-align: justify;\"><a href=\"https:\/\/www.vaku-dsgn.pl\/blog\/wp-content\/uploads\/2017\/05\/10-1.jpg\" target=\"_blank\" data-rel=\"lightbox-gallery-0\" data-rl_title=\"\" data-rl_caption=\"\"><img loading=\"lazy\" class=\"aligncenter wp-image-1792 size-full\" title=\"\" src=\"https:\/\/www.vaku-dsgn.pl\/blog\/wp-content\/uploads\/2017\/05\/10-1.jpg\" alt=\"naro\u017cnik w kolorze morskim\" width=\"1440\" height=\"1080\" srcset=\"https:\/\/vaku-dsgn.pl\/blog\/wp-content\/uploads\/2017\/05\/10-1.jpg 1440w, https:\/\/vaku-dsgn.pl\/blog\/wp-content\/uploads\/2017\/05\/10-1-300x225.jpg 300w, https:\/\/vaku-dsgn.pl\/blog\/wp-content\/uploads\/2017\/05\/10-1-768x576.jpg 768w, https:\/\/vaku-dsgn.pl\/blog\/wp-content\/uploads\/2017\/05\/10-1-1024x768.jpg 1024w, https:\/\/vaku-dsgn.pl\/blog\/wp-content\/uploads\/2017\/05\/10-1-467x350.jpg 467w\" sizes=\"(max-width: 1440px) 100vw, 1440px\" \/><\/a><\/p>\n<p style=\"text-align: justify;\"><a href=\"https:\/\/www.vaku-dsgn.pl\/blog\/wp-content\/uploads\/2017\/05\/4-4.jpg\" target=\"_blank\" data-rel=\"lightbox-gallery-0\" data-rl_title=\"\" data-rl_caption=\"\"><img loading=\"lazy\" class=\"aligncenter wp-image-1793 size-full\" title=\"\" src=\"https:\/\/www.vaku-dsgn.pl\/blog\/wp-content\/uploads\/2017\/05\/4-4.jpg\" alt=\"zielona sofa\" width=\"1440\" height=\"1080\" srcset=\"https:\/\/vaku-dsgn.pl\/blog\/wp-content\/uploads\/2017\/05\/4-4.jpg 1440w, https:\/\/vaku-dsgn.pl\/blog\/wp-content\/uploads\/2017\/05\/4-4-300x225.jpg 300w, https:\/\/vaku-dsgn.pl\/blog\/wp-content\/uploads\/2017\/05\/4-4-768x576.jpg 768w, https:\/\/vaku-dsgn.pl\/blog\/wp-content\/uploads\/2017\/05\/4-4-1024x768.jpg 1024w, https:\/\/vaku-dsgn.pl\/blog\/wp-content\/uploads\/2017\/05\/4-4-467x350.jpg 467w\" sizes=\"(max-width: 1440px) 100vw, 1440px\" \/><\/a><\/p>\n<p style=\"text-align: justify;\"><strong>Modne szaro\u015bci<\/strong> &#8211; chyba najpopularniejszy z kolor\u00f3w ostatnich sezon\u00f3w. Pi\u0119knie dope\u0142nia bielone wn\u0119trza w stylu prowansalskim i skandynawskim. Jest na tyle uniwersalny, ze sprawdzi si\u0119 niemal w ka\u017cdej aran\u017cacji. Miejsce nad szar\u0105 kanap\u0105 doskonale uzupe\u0142ni\u0105 plakaty w cienkich, czarnych oprawkach lub wyrazista grafika z nowoczesnym motywem.<\/p>\n<p style=\"text-align: justify;\"><a href=\"https:\/\/www.vaku-dsgn.pl\/blog\/wp-content\/uploads\/2017\/05\/11-1.jpg\" target=\"_blank\" data-rel=\"lightbox-gallery-0\" data-rl_title=\"\" data-rl_caption=\"\"><img loading=\"lazy\" class=\"aligncenter wp-image-1794 size-full\" title=\"\" src=\"https:\/\/www.vaku-dsgn.pl\/blog\/wp-content\/uploads\/2017\/05\/11-1.jpg\" alt=\"szary szezlong\" width=\"1440\" height=\"1080\" srcset=\"https:\/\/vaku-dsgn.pl\/blog\/wp-content\/uploads\/2017\/05\/11-1.jpg 1440w, https:\/\/vaku-dsgn.pl\/blog\/wp-content\/uploads\/2017\/05\/11-1-300x225.jpg 300w, https:\/\/vaku-dsgn.pl\/blog\/wp-content\/uploads\/2017\/05\/11-1-768x576.jpg 768w, https:\/\/vaku-dsgn.pl\/blog\/wp-content\/uploads\/2017\/05\/11-1-1024x768.jpg 1024w, https:\/\/vaku-dsgn.pl\/blog\/wp-content\/uploads\/2017\/05\/11-1-467x350.jpg 467w\" sizes=\"(max-width: 1440px) 100vw, 1440px\" \/><\/a><\/p>\n<p style=\"text-align: justify;\"><a href=\"https:\/\/www.vaku-dsgn.pl\/blog\/wp-content\/uploads\/2017\/05\/5-4.jpg\" target=\"_blank\" data-rel=\"lightbox-gallery-0\" data-rl_title=\"\" data-rl_caption=\"\"><img loading=\"lazy\" class=\"aligncenter wp-image-1795 size-full\" title=\"\" src=\"https:\/\/www.vaku-dsgn.pl\/blog\/wp-content\/uploads\/2017\/05\/5-4.jpg\" alt=\"szary naro\u017cnik\" width=\"1440\" height=\"1080\" srcset=\"https:\/\/vaku-dsgn.pl\/blog\/wp-content\/uploads\/2017\/05\/5-4.jpg 1440w, https:\/\/vaku-dsgn.pl\/blog\/wp-content\/uploads\/2017\/05\/5-4-300x225.jpg 300w, https:\/\/vaku-dsgn.pl\/blog\/wp-content\/uploads\/2017\/05\/5-4-768x576.jpg 768w, https:\/\/vaku-dsgn.pl\/blog\/wp-content\/uploads\/2017\/05\/5-4-1024x768.jpg 1024w, https:\/\/vaku-dsgn.pl\/blog\/wp-content\/uploads\/2017\/05\/5-4-467x350.jpg 467w\" sizes=\"(max-width: 1440px) 100vw, 1440px\" \/><\/a><\/p>\n<p style=\"text-align: justify;\"><strong>Pastele<\/strong> &#8211; przeznaczone do wn\u0119trz zdeterminowanych przez kobiecy gust. W sferze pasteli mo\u017cemy pozwoli\u0107 sobie na zabaw\u0119 kolorem. Ze wzgl\u0119du na delikatno\u015b\u0107 ka\u017cdego z odcieni nawet \u017c\u00f3\u0142ta sofa dobrze wygl\u0105da\u0107 b\u0119dzie u boku r\u00f3\u017cowego fotela. Ca\u0142o\u015b\u0107 w ryzach utrzymaj\u0105 biele i szaro\u015bci wykorzystane w pozosta\u0142ych elementach wn\u0119trza.<\/p>\n<p style=\"text-align: justify;\"><a href=\"https:\/\/www.vaku-dsgn.pl\/blog\/wp-content\/uploads\/2017\/05\/2-4.jpg\" target=\"_blank\" data-rel=\"lightbox-gallery-0\" data-rl_title=\"\" data-rl_caption=\"\"><img loading=\"lazy\" class=\"aligncenter wp-image-1796 size-full\" title=\"\" src=\"https:\/\/www.vaku-dsgn.pl\/blog\/wp-content\/uploads\/2017\/05\/2-4.jpg\" alt=\"pastelowa sofa\" width=\"1440\" height=\"1080\" srcset=\"https:\/\/vaku-dsgn.pl\/blog\/wp-content\/uploads\/2017\/05\/2-4.jpg 1440w, https:\/\/vaku-dsgn.pl\/blog\/wp-content\/uploads\/2017\/05\/2-4-300x225.jpg 300w, https:\/\/vaku-dsgn.pl\/blog\/wp-content\/uploads\/2017\/05\/2-4-768x576.jpg 768w, https:\/\/vaku-dsgn.pl\/blog\/wp-content\/uploads\/2017\/05\/2-4-1024x768.jpg 1024w, https:\/\/vaku-dsgn.pl\/blog\/wp-content\/uploads\/2017\/05\/2-4-467x350.jpg 467w\" sizes=\"(max-width: 1440px) 100vw, 1440px\" \/><\/a><\/p>\n<p style=\"text-align: justify;\"><a href=\"https:\/\/www.vaku-dsgn.pl\/blog\/wp-content\/uploads\/2017\/05\/12-1.jpg\" target=\"_blank\" data-rel=\"lightbox-gallery-0\" data-rl_title=\"\" data-rl_caption=\"\"><img loading=\"lazy\" class=\"aligncenter wp-image-1797 size-full\" title=\"\" src=\"https:\/\/www.vaku-dsgn.pl\/blog\/wp-content\/uploads\/2017\/05\/12-1.jpg\" alt=\"pastelowa sofa\" width=\"1440\" height=\"1080\" srcset=\"https:\/\/vaku-dsgn.pl\/blog\/wp-content\/uploads\/2017\/05\/12-1.jpg 1440w, https:\/\/vaku-dsgn.pl\/blog\/wp-content\/uploads\/2017\/05\/12-1-300x225.jpg 300w, https:\/\/vaku-dsgn.pl\/blog\/wp-content\/uploads\/2017\/05\/12-1-768x576.jpg 768w, https:\/\/vaku-dsgn.pl\/blog\/wp-content\/uploads\/2017\/05\/12-1-1024x768.jpg 1024w, https:\/\/vaku-dsgn.pl\/blog\/wp-content\/uploads\/2017\/05\/12-1-467x350.jpg 467w\" sizes=\"(max-width: 1440px) 100vw, 1440px\" \/><\/a><\/p>\n<p style=\"text-align: justify;\">Z tak szerokiej gamy barw trudno zdecydowa\u0107 si\u0119 na jeden kolor \ud83d\ude09 My przynajmniej nie jeste\u015bmy w stanie okre\u015bli\u0107, kt\u00f3ry z kolor\u00f3w urzek\u0142 nas najbardziej. A jaki by\u0142by Wasz wyb\u00f3r? Dajcie koniecznie zna\u0107 w komentarzach!<\/p>\n<p>&nbsp;<\/p>\n","protected":false},"excerpt":{"rendered":"<p>Strefa komfortu w salonie to miejsce tak znacz\u0105ce dla wystroju wn\u0119trza jak wie\u017ca Eiffla dla Pary\u017ca czy p\u0119dzel dla malarza. Nieistotne jak\u0105 form\u0119 przybierze: szezlongu, sofy czy naro\u017cnika&#8230;<\/p>\n","protected":false},"author":1,"featured_media":2867,"comment_status":"open","ping_status":"open","sticky":false,"template":"","format":"standard","meta":{"jetpack_publicize_message":"","jetpack_is_tweetstorm":false,"jetpack_publicize_feature_enabled":true},"categories":[761,765],"tags":[399,401,57,239,58,112,396,395,398,113,26,8,35,34,22,61,60,397,402,400,403,19,9,55,56],"jetpack_publicize_connections":[],"yoast_head":"<!-- This site is optimized with the Yoast SEO plugin v19.6 - https:\/\/yoast.com\/wordpress\/plugins\/seo\/ -->\n<title>Jak dobra\u0107 kolor kanapy do wn\u0119trza? - Blog wn\u0119trzarski | VAKU-DSGN<\/title>\n<meta name=\"robots\" content=\"index, follow, max-snippet:-1, max-image-preview:large, max-video-preview:-1\" \/>\n<link rel=\"canonical\" href=\"https:\/\/vaku-dsgn.pl\/blog\/jak-dobrac-kolor-kanapy-do-wnetrza\/\" \/>\n<meta property=\"og:locale\" content=\"pl_PL\" \/>\n<meta property=\"og:type\" content=\"article\" \/>\n<meta property=\"og:title\" content=\"Jak dobra\u0107 kolor kanapy do wn\u0119trza? - Blog wn\u0119trzarski | VAKU-DSGN\" \/>\n<meta property=\"og:description\" content=\"Strefa komfortu w salonie to miejsce tak znacz\u0105ce dla wystroju wn\u0119trza jak wie\u017ca Eiffla dla Pary\u017ca czy p\u0119dzel dla malarza. Nieistotne jak\u0105 form\u0119 przybierze: szezlongu, sofy czy naro\u017cnika...\" \/>\n<meta property=\"og:url\" content=\"https:\/\/vaku-dsgn.pl\/blog\/jak-dobrac-kolor-kanapy-do-wnetrza\/\" \/>\n<meta property=\"og:site_name\" content=\"Blog wn\u0119trzarski | VAKU-DSGN\" \/>\n<meta property=\"article:published_time\" content=\"2017-06-02T05:53:47+00:00\" \/>\n<meta property=\"article:modified_time\" content=\"2018-08-20T12:21:51+00:00\" \/>\n<meta property=\"og:image\" content=\"https:\/\/vaku-dsgn.pl\/blog\/wp-content\/uploads\/2017\/06\/trendy-2018-6.png\" \/>\n\t<meta property=\"og:image:width\" content=\"940\" \/>\n\t<meta property=\"og:image:height\" content=\"788\" \/>\n\t<meta property=\"og:image:type\" content=\"image\/png\" \/>\n<meta name=\"author\" content=\"vaku-dsgn\" \/>\n<meta name=\"twitter:card\" content=\"summary_large_image\" \/>\n<meta name=\"twitter:label1\" content=\"Napisane przez\" \/>\n\t<meta name=\"twitter:data1\" content=\"vaku-dsgn\" \/>\n\t<meta name=\"twitter:label2\" content=\"Szacowany czas czytania\" \/>\n\t<meta name=\"twitter:data2\" content=\"3 minuty\" \/>\n<script type=\"application\/ld+json\" class=\"yoast-schema-graph\">{\"@context\":\"https:\/\/schema.org\",\"@graph\":[{\"@type\":\"WebPage\",\"@id\":\"https:\/\/vaku-dsgn.pl\/blog\/jak-dobrac-kolor-kanapy-do-wnetrza\/\",\"url\":\"https:\/\/vaku-dsgn.pl\/blog\/jak-dobrac-kolor-kanapy-do-wnetrza\/\",\"name\":\"Jak dobra\u0107 kolor kanapy do wn\u0119trza? - Blog wn\u0119trzarski | VAKU-DSGN\",\"isPartOf\":{\"@id\":\"https:\/\/vaku-dsgn.pl\/blog\/#website\"},\"datePublished\":\"2017-06-02T05:53:47+00:00\",\"dateModified\":\"2018-08-20T12:21:51+00:00\",\"author\":{\"@id\":\"https:\/\/vaku-dsgn.pl\/blog\/#\/schema\/person\/7e526591f045b0b95af3cd3b4ebd86d4\"},\"breadcrumb\":{\"@id\":\"https:\/\/vaku-dsgn.pl\/blog\/jak-dobrac-kolor-kanapy-do-wnetrza\/#breadcrumb\"},\"inLanguage\":\"pl-PL\",\"potentialAction\":[{\"@type\":\"ReadAction\",\"target\":[\"https:\/\/vaku-dsgn.pl\/blog\/jak-dobrac-kolor-kanapy-do-wnetrza\/\"]}]},{\"@type\":\"BreadcrumbList\",\"@id\":\"https:\/\/vaku-dsgn.pl\/blog\/jak-dobrac-kolor-kanapy-do-wnetrza\/#breadcrumb\",\"itemListElement\":[{\"@type\":\"ListItem\",\"position\":1,\"name\":\"Strona g\u0142\u00f3wna\",\"item\":\"https:\/\/vaku-dsgn.pl\/blog\/\"},{\"@type\":\"ListItem\",\"position\":2,\"name\":\"Jak dobra\u0107 kolor kanapy do wn\u0119trza?\"}]},{\"@type\":\"WebSite\",\"@id\":\"https:\/\/vaku-dsgn.pl\/blog\/#website\",\"url\":\"https:\/\/vaku-dsgn.pl\/blog\/\",\"name\":\"Blog wn\u0119trzarski | VAKU-DSGN\",\"description\":\"Wystr\u00f3j wn\u0119trz, design, inspiracje, DIY\",\"potentialAction\":[{\"@type\":\"SearchAction\",\"target\":{\"@type\":\"EntryPoint\",\"urlTemplate\":\"https:\/\/vaku-dsgn.pl\/blog\/?s={search_term_string}\"},\"query-input\":\"required name=search_term_string\"}],\"inLanguage\":\"pl-PL\"},{\"@type\":\"Person\",\"@id\":\"https:\/\/vaku-dsgn.pl\/blog\/#\/schema\/person\/7e526591f045b0b95af3cd3b4ebd86d4\",\"name\":\"vaku-dsgn\",\"image\":{\"@type\":\"ImageObject\",\"inLanguage\":\"pl-PL\",\"@id\":\"https:\/\/vaku-dsgn.pl\/blog\/#\/schema\/person\/image\/\",\"url\":\"https:\/\/secure.gravatar.com\/avatar\/5fba4d62872d676344a239bcb19c1f51?s=96&d=mm&r=g\",\"contentUrl\":\"https:\/\/secure.gravatar.com\/avatar\/5fba4d62872d676344a239bcb19c1f51?s=96&d=mm&r=g\",\"caption\":\"vaku-dsgn\"},\"sameAs\":[\"http:\/\/www.vaku-dsgn.pl\"],\"url\":\"https:\/\/vaku-dsgn.pl\/blog\/author\/vaku-dsgn\/\"}]}<\/script>\n<!-- \/ Yoast SEO plugin. -->","yoast_head_json":{"title":"Jak dobra\u0107 kolor kanapy do wn\u0119trza? - Blog wn\u0119trzarski | VAKU-DSGN","robots":{"index":"index","follow":"follow","max-snippet":"max-snippet:-1","max-image-preview":"max-image-preview:large","max-video-preview":"max-video-preview:-1"},"canonical":"https:\/\/vaku-dsgn.pl\/blog\/jak-dobrac-kolor-kanapy-do-wnetrza\/","og_locale":"pl_PL","og_type":"article","og_title":"Jak dobra\u0107 kolor kanapy do wn\u0119trza? - Blog wn\u0119trzarski | VAKU-DSGN","og_description":"Strefa komfortu w salonie to miejsce tak znacz\u0105ce dla wystroju wn\u0119trza jak wie\u017ca Eiffla dla Pary\u017ca czy p\u0119dzel dla malarza. Nieistotne jak\u0105 form\u0119 przybierze: szezlongu, sofy czy naro\u017cnika...","og_url":"https:\/\/vaku-dsgn.pl\/blog\/jak-dobrac-kolor-kanapy-do-wnetrza\/","og_site_name":"Blog wn\u0119trzarski | VAKU-DSGN","article_published_time":"2017-06-02T05:53:47+00:00","article_modified_time":"2018-08-20T12:21:51+00:00","og_image":[{"width":940,"height":788,"url":"https:\/\/vaku-dsgn.pl\/blog\/wp-content\/uploads\/2017\/06\/trendy-2018-6.png","type":"image\/png"}],"author":"vaku-dsgn","twitter_card":"summary_large_image","twitter_misc":{"Napisane przez":"vaku-dsgn","Szacowany czas czytania":"3 minuty"},"schema":{"@context":"https:\/\/schema.org","@graph":[{"@type":"WebPage","@id":"https:\/\/vaku-dsgn.pl\/blog\/jak-dobrac-kolor-kanapy-do-wnetrza\/","url":"https:\/\/vaku-dsgn.pl\/blog\/jak-dobrac-kolor-kanapy-do-wnetrza\/","name":"Jak dobra\u0107 kolor kanapy do wn\u0119trza? - Blog wn\u0119trzarski | VAKU-DSGN","isPartOf":{"@id":"https:\/\/vaku-dsgn.pl\/blog\/#website"},"datePublished":"2017-06-02T05:53:47+00:00","dateModified":"2018-08-20T12:21:51+00:00","author":{"@id":"https:\/\/vaku-dsgn.pl\/blog\/#\/schema\/person\/7e526591f045b0b95af3cd3b4ebd86d4"},"breadcrumb":{"@id":"https:\/\/vaku-dsgn.pl\/blog\/jak-dobrac-kolor-kanapy-do-wnetrza\/#breadcrumb"},"inLanguage":"pl-PL","potentialAction":[{"@type":"ReadAction","target":["https:\/\/vaku-dsgn.pl\/blog\/jak-dobrac-kolor-kanapy-do-wnetrza\/"]}]},{"@type":"BreadcrumbList","@id":"https:\/\/vaku-dsgn.pl\/blog\/jak-dobrac-kolor-kanapy-do-wnetrza\/#breadcrumb","itemListElement":[{"@type":"ListItem","position":1,"name":"Strona g\u0142\u00f3wna","item":"https:\/\/vaku-dsgn.pl\/blog\/"},{"@type":"ListItem","position":2,"name":"Jak dobra\u0107 kolor kanapy do wn\u0119trza?"}]},{"@type":"WebSite","@id":"https:\/\/vaku-dsgn.pl\/blog\/#website","url":"https:\/\/vaku-dsgn.pl\/blog\/","name":"Blog wn\u0119trzarski | VAKU-DSGN","description":"Wystr\u00f3j wn\u0119trz, design, inspiracje, DIY","potentialAction":[{"@type":"SearchAction","target":{"@type":"EntryPoint","urlTemplate":"https:\/\/vaku-dsgn.pl\/blog\/?s={search_term_string}"},"query-input":"required name=search_term_string"}],"inLanguage":"pl-PL"},{"@type":"Person","@id":"https:\/\/vaku-dsgn.pl\/blog\/#\/schema\/person\/7e526591f045b0b95af3cd3b4ebd86d4","name":"vaku-dsgn","image":{"@type":"ImageObject","inLanguage":"pl-PL","@id":"https:\/\/vaku-dsgn.pl\/blog\/#\/schema\/person\/image\/","url":"https:\/\/secure.gravatar.com\/avatar\/5fba4d62872d676344a239bcb19c1f51?s=96&d=mm&r=g","contentUrl":"https:\/\/secure.gravatar.com\/avatar\/5fba4d62872d676344a239bcb19c1f51?s=96&d=mm&r=g","caption":"vaku-dsgn"},"sameAs":["http:\/\/www.vaku-dsgn.pl"],"url":"https:\/\/vaku-dsgn.pl\/blog\/author\/vaku-dsgn\/"}]}},"jetpack_featured_media_url":"https:\/\/vaku-dsgn.pl\/blog\/wp-content\/uploads\/2017\/06\/trendy-2018-6.png","jetpack_sharing_enabled":true,"jetpack_shortlink":"https:\/\/wp.me\/p82XUN-sK","_links":{"self":[{"href":"https:\/\/vaku-dsgn.pl\/blog\/wp-json\/wp\/v2\/posts\/1782"}],"collection":[{"href":"https:\/\/vaku-dsgn.pl\/blog\/wp-json\/wp\/v2\/posts"}],"about":[{"href":"https:\/\/vaku-dsgn.pl\/blog\/wp-json\/wp\/v2\/types\/post"}],"author":[{"embeddable":true,"href":"https:\/\/vaku-dsgn.pl\/blog\/wp-json\/wp\/v2\/users\/1"}],"replies":[{"embeddable":true,"href":"https:\/\/vaku-dsgn.pl\/blog\/wp-json\/wp\/v2\/comments?post=1782"}],"version-history":[{"count":10,"href":"https:\/\/vaku-dsgn.pl\/blog\/wp-json\/wp\/v2\/posts\/1782\/revisions"}],"predecessor-version":[{"id":2430,"href":"https:\/\/vaku-dsgn.pl\/blog\/wp-json\/wp\/v2\/posts\/1782\/revisions\/2430"}],"wp:featuredmedia":[{"embeddable":true,"href":"https:\/\/vaku-dsgn.pl\/blog\/wp-json\/wp\/v2\/media\/2867"}],"wp:attachment":[{"href":"https:\/\/vaku-dsgn.pl\/blog\/wp-json\/wp\/v2\/media?parent=1782"}],"wp:term":[{"taxonomy":"category","embeddable":true,"href":"https:\/\/vaku-dsgn.pl\/blog\/wp-json\/wp\/v2\/categories?post=1782"},{"taxonomy":"post_tag","embeddable":true,"href":"https:\/\/vaku-dsgn.pl\/blog\/wp-json\/wp\/v2\/tags?post=1782"}],"curies":[{"name":"wp","href":"https:\/\/api.w.org\/{rel}","templated":true}]}}