{"id":1670,"date":"2017-04-28T06:05:30","date_gmt":"2017-04-28T06:05:30","guid":{"rendered":"https:\/\/www.vaku-dsgn.pl\/blog\/?p=1670"},"modified":"2018-08-20T12:26:03","modified_gmt":"2018-08-20T12:26:03","slug":"10-pomyslow-na-kuchnie-w-czerni","status":"publish","type":"post","link":"https:\/\/vaku-dsgn.pl\/blog\/10-pomyslow-na-kuchnie-w-czerni\/","title":{"rendered":"10 pomys\u0142\u00f3w na kuchni\u0119 w czerni"},"content":{"rendered":"<p>Kuchnie w czerni to jeden z trend\u00f3w, kt\u00f3ry przewija si\u0119 w\u015br\u00f3d najbardziej modnych\u00a0aran\u017cacji na rok 2017. To kontrastowa alternatywa dla uwielbianych skandynawskich bieli i szaro\u015bci. O urzekaj\u0105cych zaletach kuchennych czerni opowiemy Wam w dzisiejszym wpisie.<\/p>\n<p><a  href=\"https:\/\/www.vaku-dsgn.pl\/blog\/wp-content\/uploads\/2017\/04\/44701-1.jpg\" data-rel=\"lightbox-gallery-0\" data-rl_title=\"\" data-rl_caption=\"\"><img loading=\"lazy\" class=\"aligncenter wp-image-1685 size-full\" title=\"\" src=\"https:\/\/www.vaku-dsgn.pl\/blog\/wp-content\/uploads\/2017\/04\/44701-1.jpg\" alt=\"kuchnia w czerni\" width=\"1440\" height=\"1080\" srcset=\"https:\/\/vaku-dsgn.pl\/blog\/wp-content\/uploads\/2017\/04\/44701-1.jpg 1440w, https:\/\/vaku-dsgn.pl\/blog\/wp-content\/uploads\/2017\/04\/44701-1-300x225.jpg 300w, https:\/\/vaku-dsgn.pl\/blog\/wp-content\/uploads\/2017\/04\/44701-1-768x576.jpg 768w, https:\/\/vaku-dsgn.pl\/blog\/wp-content\/uploads\/2017\/04\/44701-1-1024x768.jpg 1024w, https:\/\/vaku-dsgn.pl\/blog\/wp-content\/uploads\/2017\/04\/44701-1-467x350.jpg 467w\" sizes=\"(max-width: 1440px) 100vw, 1440px\" \/><\/a><\/p>\n<p>Kuchnie w czerni sprawdzaj\u0105 si\u0119 raczej w du\u017cych i przestronnych wn\u0119trzach. W istocie, decyduj\u0105c si\u0119 na ciemn\u0105 kuchni\u0119 musimy mie\u0107 na uwadze, \u017ce &#8222;czarny wyszczupla&#8221;, zmniejszaj\u0105c optycznie pomieszczenie. Istnieje jednak kilka zabieg\u00f3w, dzi\u0119ki kt\u00f3rym marzenie o czarnej kuchni b\u0119dzie mog\u0142o si\u0119 zi\u015bci\u0107 nawet we wn\u0119trzu o skromnych wymiarach.<\/p>\n<p><a  href=\"https:\/\/www.vaku-dsgn.pl\/blog\/wp-content\/uploads\/2017\/04\/10-1.jpg\" data-rel=\"lightbox-gallery-0\" data-rl_title=\"\" data-rl_caption=\"\"><img loading=\"lazy\" class=\"aligncenter wp-image-1686 size-full\" title=\"\" src=\"https:\/\/www.vaku-dsgn.pl\/blog\/wp-content\/uploads\/2017\/04\/10-1.jpg\" alt=\"ma\u0142a kuchnia w czerni\" width=\"1440\" height=\"1080\" srcset=\"https:\/\/vaku-dsgn.pl\/blog\/wp-content\/uploads\/2017\/04\/10-1.jpg 1440w, https:\/\/vaku-dsgn.pl\/blog\/wp-content\/uploads\/2017\/04\/10-1-300x225.jpg 300w, https:\/\/vaku-dsgn.pl\/blog\/wp-content\/uploads\/2017\/04\/10-1-768x576.jpg 768w, https:\/\/vaku-dsgn.pl\/blog\/wp-content\/uploads\/2017\/04\/10-1-1024x768.jpg 1024w, https:\/\/vaku-dsgn.pl\/blog\/wp-content\/uploads\/2017\/04\/10-1-467x350.jpg 467w\" sizes=\"(max-width: 1440px) 100vw, 1440px\" \/><\/a><\/p>\n<p><strong>Po\u0142\u0105cz czer\u0144 z biel\u0105<\/strong> &#8211; najbardziej uniwersalne i ponadczasowe po\u0142\u0105czenie kolorystyczne doda wn\u0119trzu obj\u0119to\u015bci. Biel mo\u017cemy zastosowa\u0107 na blatach, wype\u0142ni\u0107 przestrze\u0144 pomi\u0119dzy dolnymi i g\u00f3rnymi szafkami lub te\u017c zastosowa\u0107 jego tony na posadzce.<\/p>\n<p><a  href=\"https:\/\/www.vaku-dsgn.pl\/blog\/wp-content\/uploads\/2017\/04\/3-2.jpg\" data-rel=\"lightbox-gallery-0\" data-rl_title=\"\" data-rl_caption=\"\"><img loading=\"lazy\" class=\"aligncenter wp-image-1678 size-full\" title=\"\" src=\"https:\/\/www.vaku-dsgn.pl\/blog\/wp-content\/uploads\/2017\/04\/3-2.jpg\" alt=\"czarno-bia\u0142a kuchnia z jadalni\u0105\" width=\"1440\" height=\"1080\" srcset=\"https:\/\/vaku-dsgn.pl\/blog\/wp-content\/uploads\/2017\/04\/3-2.jpg 1440w, https:\/\/vaku-dsgn.pl\/blog\/wp-content\/uploads\/2017\/04\/3-2-300x225.jpg 300w, https:\/\/vaku-dsgn.pl\/blog\/wp-content\/uploads\/2017\/04\/3-2-768x576.jpg 768w, https:\/\/vaku-dsgn.pl\/blog\/wp-content\/uploads\/2017\/04\/3-2-1024x768.jpg 1024w, https:\/\/vaku-dsgn.pl\/blog\/wp-content\/uploads\/2017\/04\/3-2-467x350.jpg 467w\" sizes=\"(max-width: 1440px) 100vw, 1440px\" \/><\/a><\/p>\n<p><strong>B\u0142yszcz\u0105ce fronty<\/strong> &#8211; dodadz\u0105 kuchni lekko\u015bci i nowoczesno\u015bci. &#8222;Odci\u0105\u017c\u0105&#8221; nieco przyt\u0142aczaj\u0105ce czernie zabudowy kuchni.<\/p>\n<p><a  href=\"https:\/\/www.vaku-dsgn.pl\/blog\/wp-content\/uploads\/2017\/04\/2-1.jpg\" data-rel=\"lightbox-gallery-0\" data-rl_title=\"\" data-rl_caption=\"\"><img loading=\"lazy\" class=\"aligncenter wp-image-1679 size-full\" title=\"\" src=\"https:\/\/www.vaku-dsgn.pl\/blog\/wp-content\/uploads\/2017\/04\/2-1.jpg\" alt=\"czarna kuchnia na po\u0142ysk z elementami drewna i stali\" width=\"1440\" height=\"1080\" srcset=\"https:\/\/vaku-dsgn.pl\/blog\/wp-content\/uploads\/2017\/04\/2-1.jpg 1440w, https:\/\/vaku-dsgn.pl\/blog\/wp-content\/uploads\/2017\/04\/2-1-300x225.jpg 300w, https:\/\/vaku-dsgn.pl\/blog\/wp-content\/uploads\/2017\/04\/2-1-768x576.jpg 768w, https:\/\/vaku-dsgn.pl\/blog\/wp-content\/uploads\/2017\/04\/2-1-1024x768.jpg 1024w, https:\/\/vaku-dsgn.pl\/blog\/wp-content\/uploads\/2017\/04\/2-1-467x350.jpg 467w\" sizes=\"(max-width: 1440px) 100vw, 1440px\" \/><\/a><\/p>\n<p><strong>Gra \u015bwiat\u0142em<\/strong> &#8211; kilka dodatkowych centymetr\u00f3w doda wn\u0119trzu odpowiednie o\u015bwietlenie. Czarnym kuchniom zdecydowanie nie sprzyja ciep\u0142e \u015bwiat\u0142o. Wydaj\u0105 si\u0119 w\u00f3wczas jeszcze bardziej ciemne i smutne. Akcenty jasnego, zimnego \u015bwiat\u0142a s\u0105 wi\u0119c jak najbardziej wskazane. Dodatkowe \u017ar\u00f3d\u0142a \u015bwiat\u0142a umieszczone w szafkach b\u0119d\u0105 wyrazistym\u00a0akcentem, kt\u00f3ry b\u0119dzie pasowa\u0142 do nowoczesnego klimatu wn\u0119trza. Modnym rozwi\u0105zaniem jest tak\u017ce umieszczenie na \u015bcianie LEDowego paska wzd\u0142u\u017c ca\u0142ej kraw\u0119dzi blatu.<\/p>\n<p><a  href=\"https:\/\/www.vaku-dsgn.pl\/blog\/wp-content\/uploads\/2017\/04\/4-7.jpg\" data-rel=\"lightbox-gallery-0\" data-rl_title=\"\" data-rl_caption=\"\"><img loading=\"lazy\" class=\"aligncenter wp-image-1683 size-full\" title=\"\" src=\"https:\/\/www.vaku-dsgn.pl\/blog\/wp-content\/uploads\/2017\/04\/4-7.jpg\" alt=\"minimalistyczna czarna kuchnia w macie\" width=\"1440\" height=\"1080\" srcset=\"https:\/\/vaku-dsgn.pl\/blog\/wp-content\/uploads\/2017\/04\/4-7.jpg 1440w, https:\/\/vaku-dsgn.pl\/blog\/wp-content\/uploads\/2017\/04\/4-7-300x225.jpg 300w, https:\/\/vaku-dsgn.pl\/blog\/wp-content\/uploads\/2017\/04\/4-7-768x576.jpg 768w, https:\/\/vaku-dsgn.pl\/blog\/wp-content\/uploads\/2017\/04\/4-7-1024x768.jpg 1024w, https:\/\/vaku-dsgn.pl\/blog\/wp-content\/uploads\/2017\/04\/4-7-467x350.jpg 467w\" sizes=\"(max-width: 1440px) 100vw, 1440px\" \/><\/a><\/p>\n<p>Nieodzown\u0105 zalet\u0105 kuchni w ciemnych tonacjach jest fakt, \u017ce czer\u0144 nadaje wn\u0119trzu elegancji i ekskluzywno\u015bci. Szczeg\u00f3lnie luksusowo prezentuj\u0105 si\u0119 zestawy mebli w kt\u00f3rych po\u0142\u0105czono czarne fronty z elementami naturalnego drewna. Uroku nie brakuje r\u00f3wnie\u017c LOFTowym zestawom wyko\u0144czonym w macie.<\/p>\n<p><a  href=\"https:\/\/www.vaku-dsgn.pl\/blog\/wp-content\/uploads\/2017\/04\/7-1.jpg\" data-rel=\"lightbox-gallery-0\" data-rl_title=\"\" data-rl_caption=\"\"><img loading=\"lazy\" class=\"aligncenter wp-image-1687 size-full\" title=\"\" src=\"https:\/\/www.vaku-dsgn.pl\/blog\/wp-content\/uploads\/2017\/04\/7-1.jpg\" alt=\"industrialna kuchnia w czerni\" width=\"1440\" height=\"1080\" srcset=\"https:\/\/vaku-dsgn.pl\/blog\/wp-content\/uploads\/2017\/04\/7-1.jpg 1440w, https:\/\/vaku-dsgn.pl\/blog\/wp-content\/uploads\/2017\/04\/7-1-300x225.jpg 300w, https:\/\/vaku-dsgn.pl\/blog\/wp-content\/uploads\/2017\/04\/7-1-768x576.jpg 768w, https:\/\/vaku-dsgn.pl\/blog\/wp-content\/uploads\/2017\/04\/7-1-1024x768.jpg 1024w, https:\/\/vaku-dsgn.pl\/blog\/wp-content\/uploads\/2017\/04\/7-1-467x350.jpg 467w\" sizes=\"(max-width: 1440px) 100vw, 1440px\" \/><\/a><\/p>\n<p><a  href=\"https:\/\/www.vaku-dsgn.pl\/blog\/wp-content\/uploads\/2017\/04\/52902.jpg\" data-rel=\"lightbox-gallery-0\" data-rl_title=\"\" data-rl_caption=\"\"><img loading=\"lazy\" class=\"aligncenter wp-image-1677 size-full\" title=\"\" src=\"https:\/\/www.vaku-dsgn.pl\/blog\/wp-content\/uploads\/2017\/04\/52902.jpg\" alt=\"industrialna kuchnia w czerni\" width=\"1440\" height=\"1080\" srcset=\"https:\/\/vaku-dsgn.pl\/blog\/wp-content\/uploads\/2017\/04\/52902.jpg 1440w, https:\/\/vaku-dsgn.pl\/blog\/wp-content\/uploads\/2017\/04\/52902-300x225.jpg 300w, https:\/\/vaku-dsgn.pl\/blog\/wp-content\/uploads\/2017\/04\/52902-768x576.jpg 768w, https:\/\/vaku-dsgn.pl\/blog\/wp-content\/uploads\/2017\/04\/52902-1024x768.jpg 1024w, https:\/\/vaku-dsgn.pl\/blog\/wp-content\/uploads\/2017\/04\/52902-467x350.jpg 467w\" sizes=\"(max-width: 1440px) 100vw, 1440px\" \/><\/a><\/p>\n<p>W czarnych kuchniach powinni\u015bmy raczej unika\u0107 \u0142\u0105czenia czarnych mebli ze sprz\u0119tem AGD w kolorze bia\u0142ym. O ile biel na posadzce czy \u015bcianach dodaje nowoczesnego charakteru, bia\u0142y piekarnik lub mikrofal\u00f3wka to ju\u017c ma\u0142e, wn\u0119trzarskie faux pas. Zamiast tego radzimy wybra\u0107 zabudow\u0119 AGD w kolorze czarnym lub stalowym. Takie uzupe\u0142nienie doda wn\u0119trzu g\u0142\u0119bi i szyku.<\/p>\n<p><a  href=\"https:\/\/www.vaku-dsgn.pl\/blog\/wp-content\/uploads\/2017\/04\/6-3.jpg\" data-rel=\"lightbox-gallery-0\" data-rl_title=\"\" data-rl_caption=\"\"><img loading=\"lazy\" class=\"aligncenter wp-image-1682 size-full\" title=\"\" src=\"https:\/\/www.vaku-dsgn.pl\/blog\/wp-content\/uploads\/2017\/04\/6-3.jpg\" alt=\"nowoczesna kuchnia w czerni\" width=\"1440\" height=\"1080\" srcset=\"https:\/\/vaku-dsgn.pl\/blog\/wp-content\/uploads\/2017\/04\/6-3.jpg 1440w, https:\/\/vaku-dsgn.pl\/blog\/wp-content\/uploads\/2017\/04\/6-3-300x225.jpg 300w, https:\/\/vaku-dsgn.pl\/blog\/wp-content\/uploads\/2017\/04\/6-3-768x576.jpg 768w, https:\/\/vaku-dsgn.pl\/blog\/wp-content\/uploads\/2017\/04\/6-3-1024x768.jpg 1024w, https:\/\/vaku-dsgn.pl\/blog\/wp-content\/uploads\/2017\/04\/6-3-467x350.jpg 467w\" sizes=\"(max-width: 1440px) 100vw, 1440px\" \/><\/a><\/p>\n<p>Urz\u0105dzaj\u0105c kuchni\u0119 w kolorze czarnym powinni\u015bmy by\u0107 oszcz\u0119dni w wykorzystaniu dodatk\u00f3w. Zbyt du\u017ca ilo\u015b\u0107 akcesori\u00f3w mo\u017ce jeszcze bardziej przyt\u0142oczy\u0107 ci\u0119\u017ckie kolorystycznie\u00a0wn\u0119trze.<\/p>\n<p><a  href=\"https:\/\/www.vaku-dsgn.pl\/blog\/wp-content\/uploads\/2017\/04\/1-2.jpg\" data-rel=\"lightbox-gallery-0\" data-rl_title=\"\" data-rl_caption=\"\"><img loading=\"lazy\" class=\"aligncenter wp-image-1684 size-full\" title=\"\" src=\"https:\/\/www.vaku-dsgn.pl\/blog\/wp-content\/uploads\/2017\/04\/1-2.jpg\" alt=\"nowoczesna kuchnia w czerni\" width=\"1440\" height=\"1080\" srcset=\"https:\/\/vaku-dsgn.pl\/blog\/wp-content\/uploads\/2017\/04\/1-2.jpg 1440w, https:\/\/vaku-dsgn.pl\/blog\/wp-content\/uploads\/2017\/04\/1-2-300x225.jpg 300w, https:\/\/vaku-dsgn.pl\/blog\/wp-content\/uploads\/2017\/04\/1-2-768x576.jpg 768w, https:\/\/vaku-dsgn.pl\/blog\/wp-content\/uploads\/2017\/04\/1-2-1024x768.jpg 1024w, https:\/\/vaku-dsgn.pl\/blog\/wp-content\/uploads\/2017\/04\/1-2-467x350.jpg 467w\" sizes=\"(max-width: 1440px) 100vw, 1440px\" \/><\/a><\/p>\n<p>Podsumowuj\u0105c &#8211; kuchnie w kolorze czerni to wyb\u00f3r dla wszystkich tych, kt\u00f3rzy lubi\u0105 zdecydowane akcenty we wn\u0119trzu. S\u0105 charakterne aczkolwiek nie brak im pierwiastka elegancji.<\/p>\n<p><a  href=\"https:\/\/www.vaku-dsgn.pl\/blog\/wp-content\/uploads\/2017\/04\/8-1.jpg\" data-rel=\"lightbox-gallery-0\" data-rl_title=\"\" data-rl_caption=\"\"><img loading=\"lazy\" class=\"aligncenter wp-image-1688 size-full\" title=\"\" src=\"https:\/\/www.vaku-dsgn.pl\/blog\/wp-content\/uploads\/2017\/04\/8-1.jpg\" alt=\"czerwono-czarna kuchnia z elementami drewna\" width=\"1440\" height=\"1080\" srcset=\"https:\/\/vaku-dsgn.pl\/blog\/wp-content\/uploads\/2017\/04\/8-1.jpg 1440w, https:\/\/vaku-dsgn.pl\/blog\/wp-content\/uploads\/2017\/04\/8-1-300x225.jpg 300w, https:\/\/vaku-dsgn.pl\/blog\/wp-content\/uploads\/2017\/04\/8-1-768x576.jpg 768w, https:\/\/vaku-dsgn.pl\/blog\/wp-content\/uploads\/2017\/04\/8-1-1024x768.jpg 1024w, https:\/\/vaku-dsgn.pl\/blog\/wp-content\/uploads\/2017\/04\/8-1-467x350.jpg 467w\" sizes=\"(max-width: 1440px) 100vw, 1440px\" \/><\/a><\/p>\n<p>A jak Wam podobaj\u0105 si\u0119 kuchnie w kolorze czerni?<\/p>\n","protected":false},"excerpt":{"rendered":"<p>Kuchnie w czerni to jeden z trend\u00f3w, kt\u00f3ry przewija si\u0119 w\u015br\u00f3d najbardziej modnych\u00a0aran\u017cacji na rok 2017. To kontrastowa alternatywa dla uwielbianych skandynawskich bieli i szaro\u015bci. O urzekaj\u0105cych zaletach&#8230;<\/p>\n","protected":false},"author":1,"featured_media":2875,"comment_status":"open","ping_status":"open","sticky":false,"template":"","format":"standard","meta":{"jetpack_publicize_message":"","jetpack_is_tweetstorm":false,"jetpack_publicize_feature_enabled":true},"categories":[761],"tags":[40,37,363,57,239,10,58,78,17,13,369,84,85,366,364,365,43,368,367,88,8,35,34,22,61,60,19,9,55,56],"jetpack_publicize_connections":[],"yoast_head":"<!-- This site is optimized with the Yoast SEO plugin v19.6 - https:\/\/yoast.com\/wordpress\/plugins\/seo\/ -->\n<title>10 pomys\u0142\u00f3w na kuchni\u0119 w czerni - Blog wn\u0119trzarski | VAKU-DSGN<\/title>\n<meta name=\"robots\" content=\"index, follow, max-snippet:-1, max-image-preview:large, max-video-preview:-1\" \/>\n<link rel=\"canonical\" href=\"https:\/\/vaku-dsgn.pl\/blog\/10-pomyslow-na-kuchnie-w-czerni\/\" \/>\n<meta property=\"og:locale\" content=\"pl_PL\" \/>\n<meta property=\"og:type\" content=\"article\" \/>\n<meta property=\"og:title\" content=\"10 pomys\u0142\u00f3w na kuchni\u0119 w czerni - Blog wn\u0119trzarski | VAKU-DSGN\" \/>\n<meta property=\"og:description\" content=\"Kuchnie w czerni to jeden z trend\u00f3w, kt\u00f3ry przewija si\u0119 w\u015br\u00f3d najbardziej modnych\u00a0aran\u017cacji na rok 2017. To kontrastowa alternatywa dla uwielbianych skandynawskich bieli i szaro\u015bci. O urzekaj\u0105cych zaletach...\" \/>\n<meta property=\"og:url\" content=\"https:\/\/vaku-dsgn.pl\/blog\/10-pomyslow-na-kuchnie-w-czerni\/\" \/>\n<meta property=\"og:site_name\" content=\"Blog wn\u0119trzarski | VAKU-DSGN\" \/>\n<meta property=\"article:published_time\" content=\"2017-04-28T06:05:30+00:00\" \/>\n<meta property=\"article:modified_time\" content=\"2018-08-20T12:26:03+00:00\" \/>\n<meta property=\"og:image\" content=\"https:\/\/vaku-dsgn.pl\/blog\/wp-content\/uploads\/2017\/04\/trendy-2018-20.png\" \/>\n\t<meta property=\"og:image:width\" content=\"940\" \/>\n\t<meta property=\"og:image:height\" content=\"788\" \/>\n\t<meta property=\"og:image:type\" content=\"image\/png\" \/>\n<meta name=\"author\" content=\"vaku-dsgn\" \/>\n<meta name=\"twitter:card\" content=\"summary_large_image\" \/>\n<meta name=\"twitter:label1\" content=\"Napisane przez\" \/>\n\t<meta name=\"twitter:data1\" content=\"vaku-dsgn\" \/>\n\t<meta name=\"twitter:label2\" content=\"Szacowany czas czytania\" \/>\n\t<meta name=\"twitter:data2\" content=\"2 minuty\" \/>\n<script type=\"application\/ld+json\" class=\"yoast-schema-graph\">{\"@context\":\"https:\/\/schema.org\",\"@graph\":[{\"@type\":\"WebPage\",\"@id\":\"https:\/\/vaku-dsgn.pl\/blog\/10-pomyslow-na-kuchnie-w-czerni\/\",\"url\":\"https:\/\/vaku-dsgn.pl\/blog\/10-pomyslow-na-kuchnie-w-czerni\/\",\"name\":\"10 pomys\u0142\u00f3w na kuchni\u0119 w czerni - Blog wn\u0119trzarski | VAKU-DSGN\",\"isPartOf\":{\"@id\":\"https:\/\/vaku-dsgn.pl\/blog\/#website\"},\"datePublished\":\"2017-04-28T06:05:30+00:00\",\"dateModified\":\"2018-08-20T12:26:03+00:00\",\"author\":{\"@id\":\"https:\/\/vaku-dsgn.pl\/blog\/#\/schema\/person\/7e526591f045b0b95af3cd3b4ebd86d4\"},\"breadcrumb\":{\"@id\":\"https:\/\/vaku-dsgn.pl\/blog\/10-pomyslow-na-kuchnie-w-czerni\/#breadcrumb\"},\"inLanguage\":\"pl-PL\",\"potentialAction\":[{\"@type\":\"ReadAction\",\"target\":[\"https:\/\/vaku-dsgn.pl\/blog\/10-pomyslow-na-kuchnie-w-czerni\/\"]}]},{\"@type\":\"BreadcrumbList\",\"@id\":\"https:\/\/vaku-dsgn.pl\/blog\/10-pomyslow-na-kuchnie-w-czerni\/#breadcrumb\",\"itemListElement\":[{\"@type\":\"ListItem\",\"position\":1,\"name\":\"Strona g\u0142\u00f3wna\",\"item\":\"https:\/\/vaku-dsgn.pl\/blog\/\"},{\"@type\":\"ListItem\",\"position\":2,\"name\":\"10 pomys\u0142\u00f3w na kuchni\u0119 w czerni\"}]},{\"@type\":\"WebSite\",\"@id\":\"https:\/\/vaku-dsgn.pl\/blog\/#website\",\"url\":\"https:\/\/vaku-dsgn.pl\/blog\/\",\"name\":\"Blog wn\u0119trzarski | VAKU-DSGN\",\"description\":\"Wystr\u00f3j wn\u0119trz, design, inspiracje, DIY\",\"potentialAction\":[{\"@type\":\"SearchAction\",\"target\":{\"@type\":\"EntryPoint\",\"urlTemplate\":\"https:\/\/vaku-dsgn.pl\/blog\/?s={search_term_string}\"},\"query-input\":\"required name=search_term_string\"}],\"inLanguage\":\"pl-PL\"},{\"@type\":\"Person\",\"@id\":\"https:\/\/vaku-dsgn.pl\/blog\/#\/schema\/person\/7e526591f045b0b95af3cd3b4ebd86d4\",\"name\":\"vaku-dsgn\",\"image\":{\"@type\":\"ImageObject\",\"inLanguage\":\"pl-PL\",\"@id\":\"https:\/\/vaku-dsgn.pl\/blog\/#\/schema\/person\/image\/\",\"url\":\"https:\/\/secure.gravatar.com\/avatar\/5fba4d62872d676344a239bcb19c1f51?s=96&d=mm&r=g\",\"contentUrl\":\"https:\/\/secure.gravatar.com\/avatar\/5fba4d62872d676344a239bcb19c1f51?s=96&d=mm&r=g\",\"caption\":\"vaku-dsgn\"},\"sameAs\":[\"http:\/\/www.vaku-dsgn.pl\"],\"url\":\"https:\/\/vaku-dsgn.pl\/blog\/author\/vaku-dsgn\/\"}]}<\/script>\n<!-- \/ Yoast SEO plugin. -->","yoast_head_json":{"title":"10 pomys\u0142\u00f3w na kuchni\u0119 w czerni - Blog wn\u0119trzarski | VAKU-DSGN","robots":{"index":"index","follow":"follow","max-snippet":"max-snippet:-1","max-image-preview":"max-image-preview:large","max-video-preview":"max-video-preview:-1"},"canonical":"https:\/\/vaku-dsgn.pl\/blog\/10-pomyslow-na-kuchnie-w-czerni\/","og_locale":"pl_PL","og_type":"article","og_title":"10 pomys\u0142\u00f3w na kuchni\u0119 w czerni - Blog wn\u0119trzarski | VAKU-DSGN","og_description":"Kuchnie w czerni to jeden z trend\u00f3w, kt\u00f3ry przewija si\u0119 w\u015br\u00f3d najbardziej modnych\u00a0aran\u017cacji na rok 2017. To kontrastowa alternatywa dla uwielbianych skandynawskich bieli i szaro\u015bci. O urzekaj\u0105cych zaletach...","og_url":"https:\/\/vaku-dsgn.pl\/blog\/10-pomyslow-na-kuchnie-w-czerni\/","og_site_name":"Blog wn\u0119trzarski | VAKU-DSGN","article_published_time":"2017-04-28T06:05:30+00:00","article_modified_time":"2018-08-20T12:26:03+00:00","og_image":[{"width":940,"height":788,"url":"https:\/\/vaku-dsgn.pl\/blog\/wp-content\/uploads\/2017\/04\/trendy-2018-20.png","type":"image\/png"}],"author":"vaku-dsgn","twitter_card":"summary_large_image","twitter_misc":{"Napisane przez":"vaku-dsgn","Szacowany czas czytania":"2 minuty"},"schema":{"@context":"https:\/\/schema.org","@graph":[{"@type":"WebPage","@id":"https:\/\/vaku-dsgn.pl\/blog\/10-pomyslow-na-kuchnie-w-czerni\/","url":"https:\/\/vaku-dsgn.pl\/blog\/10-pomyslow-na-kuchnie-w-czerni\/","name":"10 pomys\u0142\u00f3w na kuchni\u0119 w czerni - Blog wn\u0119trzarski | VAKU-DSGN","isPartOf":{"@id":"https:\/\/vaku-dsgn.pl\/blog\/#website"},"datePublished":"2017-04-28T06:05:30+00:00","dateModified":"2018-08-20T12:26:03+00:00","author":{"@id":"https:\/\/vaku-dsgn.pl\/blog\/#\/schema\/person\/7e526591f045b0b95af3cd3b4ebd86d4"},"breadcrumb":{"@id":"https:\/\/vaku-dsgn.pl\/blog\/10-pomyslow-na-kuchnie-w-czerni\/#breadcrumb"},"inLanguage":"pl-PL","potentialAction":[{"@type":"ReadAction","target":["https:\/\/vaku-dsgn.pl\/blog\/10-pomyslow-na-kuchnie-w-czerni\/"]}]},{"@type":"BreadcrumbList","@id":"https:\/\/vaku-dsgn.pl\/blog\/10-pomyslow-na-kuchnie-w-czerni\/#breadcrumb","itemListElement":[{"@type":"ListItem","position":1,"name":"Strona g\u0142\u00f3wna","item":"https:\/\/vaku-dsgn.pl\/blog\/"},{"@type":"ListItem","position":2,"name":"10 pomys\u0142\u00f3w na kuchni\u0119 w czerni"}]},{"@type":"WebSite","@id":"https:\/\/vaku-dsgn.pl\/blog\/#website","url":"https:\/\/vaku-dsgn.pl\/blog\/","name":"Blog wn\u0119trzarski | VAKU-DSGN","description":"Wystr\u00f3j wn\u0119trz, design, inspiracje, DIY","potentialAction":[{"@type":"SearchAction","target":{"@type":"EntryPoint","urlTemplate":"https:\/\/vaku-dsgn.pl\/blog\/?s={search_term_string}"},"query-input":"required name=search_term_string"}],"inLanguage":"pl-PL"},{"@type":"Person","@id":"https:\/\/vaku-dsgn.pl\/blog\/#\/schema\/person\/7e526591f045b0b95af3cd3b4ebd86d4","name":"vaku-dsgn","image":{"@type":"ImageObject","inLanguage":"pl-PL","@id":"https:\/\/vaku-dsgn.pl\/blog\/#\/schema\/person\/image\/","url":"https:\/\/secure.gravatar.com\/avatar\/5fba4d62872d676344a239bcb19c1f51?s=96&d=mm&r=g","contentUrl":"https:\/\/secure.gravatar.com\/avatar\/5fba4d62872d676344a239bcb19c1f51?s=96&d=mm&r=g","caption":"vaku-dsgn"},"sameAs":["http:\/\/www.vaku-dsgn.pl"],"url":"https:\/\/vaku-dsgn.pl\/blog\/author\/vaku-dsgn\/"}]}},"jetpack_featured_media_url":"https:\/\/vaku-dsgn.pl\/blog\/wp-content\/uploads\/2017\/04\/trendy-2018-20.png","jetpack_sharing_enabled":true,"jetpack_shortlink":"https:\/\/wp.me\/p82XUN-qW","_links":{"self":[{"href":"https:\/\/vaku-dsgn.pl\/blog\/wp-json\/wp\/v2\/posts\/1670"}],"collection":[{"href":"https:\/\/vaku-dsgn.pl\/blog\/wp-json\/wp\/v2\/posts"}],"about":[{"href":"https:\/\/vaku-dsgn.pl\/blog\/wp-json\/wp\/v2\/types\/post"}],"author":[{"embeddable":true,"href":"https:\/\/vaku-dsgn.pl\/blog\/wp-json\/wp\/v2\/users\/1"}],"replies":[{"embeddable":true,"href":"https:\/\/vaku-dsgn.pl\/blog\/wp-json\/wp\/v2\/comments?post=1670"}],"version-history":[{"count":12,"href":"https:\/\/vaku-dsgn.pl\/blog\/wp-json\/wp\/v2\/posts\/1670\/revisions"}],"predecessor-version":[{"id":1948,"href":"https:\/\/vaku-dsgn.pl\/blog\/wp-json\/wp\/v2\/posts\/1670\/revisions\/1948"}],"wp:featuredmedia":[{"embeddable":true,"href":"https:\/\/vaku-dsgn.pl\/blog\/wp-json\/wp\/v2\/media\/2875"}],"wp:attachment":[{"href":"https:\/\/vaku-dsgn.pl\/blog\/wp-json\/wp\/v2\/media?parent=1670"}],"wp:term":[{"taxonomy":"category","embeddable":true,"href":"https:\/\/vaku-dsgn.pl\/blog\/wp-json\/wp\/v2\/categories?post=1670"},{"taxonomy":"post_tag","embeddable":true,"href":"https:\/\/vaku-dsgn.pl\/blog\/wp-json\/wp\/v2\/tags?post=1670"}],"curies":[{"name":"wp","href":"https:\/\/api.w.org\/{rel}","templated":true}]}}