{"id":1085,"date":"2016-11-24T12:03:08","date_gmt":"2016-11-24T12:03:08","guid":{"rendered":"http:\/\/www.vaku-dsgn.pl\/blog\/?p=1085"},"modified":"2018-08-20T12:30:37","modified_gmt":"2018-08-20T12:30:37","slug":"szary-i-zolty-zgrany-duet-ktory-ozywi-kazde-wnetrze","status":"publish","type":"post","link":"https:\/\/vaku-dsgn.pl\/blog\/szary-i-zolty-zgrany-duet-ktory-ozywi-kazde-wnetrze\/","title":{"rendered":"Szary i \u017c\u00f3\u0142ty &#8211; zgrany duet, kt\u00f3ry o\u017cywi ka\u017cde wn\u0119trze!"},"content":{"rendered":"<p style=\"text-align: justify;\">\u017b\u00f3\u0142ty i szary &#8211; przed Wami wyj\u0105tkowo zgrany duet kolorystyczny. To najgor\u0119tszy wn\u0119trzarski trend, kt\u00f3ry zachwyca swoj\u0105 kontrastowo\u015bci\u0105.\u00a0Tandem dopasowany do siebie w stu procentach. Jedna cz\u0119\u015b\u0107 o\u017cywia i dodaje wn\u0119trzu optymizmu, druga za\u015b sprawia, \u017ce wyczuwamy w pomieszczeniu spok\u00f3j i porz\u0105dek.<\/p>\n<p style=\"text-align: justify;\"><a  href=\"http:\/\/www.vaku-dsgn.pl\/blog\/wp-content\/uploads\/2016\/11\/F5.jpg\" data-rel=\"lightbox-gallery-0\" data-rl_title=\"\" data-rl_caption=\"\"><img loading=\"lazy\" class=\"aligncenter wp-image-1088 size-full\" title=\"\" src=\"http:\/\/www.vaku-dsgn.pl\/blog\/wp-content\/uploads\/2016\/11\/F5.jpg\" alt=\"szary i \u017c\u00f3\u0142ty we wn\u0119trzach\" width=\"1440\" height=\"1080\" srcset=\"https:\/\/vaku-dsgn.pl\/blog\/wp-content\/uploads\/2016\/11\/F5.jpg 1440w, https:\/\/vaku-dsgn.pl\/blog\/wp-content\/uploads\/2016\/11\/F5-300x225.jpg 300w, https:\/\/vaku-dsgn.pl\/blog\/wp-content\/uploads\/2016\/11\/F5-768x576.jpg 768w, https:\/\/vaku-dsgn.pl\/blog\/wp-content\/uploads\/2016\/11\/F5-1024x768.jpg 1024w, https:\/\/vaku-dsgn.pl\/blog\/wp-content\/uploads\/2016\/11\/F5-973x730.jpg 973w, https:\/\/vaku-dsgn.pl\/blog\/wp-content\/uploads\/2016\/11\/F5-508x381.jpg 508w\" sizes=\"(max-width: 1440px) 100vw, 1440px\" \/><\/a><\/p>\n<p style=\"text-align: justify;\">Kolor \u017c\u00f3\u0142ty wyst\u0119puje w rozmaitych odcieniach. Jego mocniejsze odcienie &#8211; cytrynowy, kanarkowy i neonowy &#8211; prezentuj\u0105 si\u0119 znakomicie w ultranowoczesnych wn\u0119trzach. Te bardziej stonowane &#8211; ochra, musztardowy oraz bursztynowy &#8211; w po\u0142\u0105czeniu z szaro\u015bci\u0105 &#8211; stworz\u0105 wyj\u0105tkowo harmonijne wn\u0119trze.<\/p>\n<p style=\"text-align: justify;\"><a  href=\"http:\/\/www.vaku-dsgn.pl\/blog\/wp-content\/uploads\/2016\/11\/40801.jpg\" data-rel=\"lightbox-gallery-0\" data-rl_title=\"\" data-rl_caption=\"\"><img loading=\"lazy\" class=\"aligncenter wp-image-1094 size-full\" title=\"\" src=\"http:\/\/www.vaku-dsgn.pl\/blog\/wp-content\/uploads\/2016\/11\/40801.jpg\" alt=\"szary i \u017c\u00f3\u0142ty we wn\u0119trzach\" width=\"1440\" height=\"1080\" srcset=\"https:\/\/vaku-dsgn.pl\/blog\/wp-content\/uploads\/2016\/11\/40801.jpg 1440w, https:\/\/vaku-dsgn.pl\/blog\/wp-content\/uploads\/2016\/11\/40801-300x225.jpg 300w, https:\/\/vaku-dsgn.pl\/blog\/wp-content\/uploads\/2016\/11\/40801-768x576.jpg 768w, https:\/\/vaku-dsgn.pl\/blog\/wp-content\/uploads\/2016\/11\/40801-1024x768.jpg 1024w, https:\/\/vaku-dsgn.pl\/blog\/wp-content\/uploads\/2016\/11\/40801-973x730.jpg 973w, https:\/\/vaku-dsgn.pl\/blog\/wp-content\/uploads\/2016\/11\/40801-508x381.jpg 508w\" sizes=\"(max-width: 1440px) 100vw, 1440px\" \/><\/a><\/p>\n<p style=\"text-align: justify;\"><a  href=\"http:\/\/www.vaku-dsgn.pl\/blog\/wp-content\/uploads\/2016\/11\/F1.jpg\" data-rel=\"lightbox-gallery-0\" data-rl_title=\"\" data-rl_caption=\"\"><img loading=\"lazy\" class=\"aligncenter wp-image-1095 size-full\" title=\"\" src=\"http:\/\/www.vaku-dsgn.pl\/blog\/wp-content\/uploads\/2016\/11\/F1.jpg\" alt=\"szary i \u017c\u00f3\u0142ty we wn\u0119trzach\" width=\"1440\" height=\"1080\" srcset=\"https:\/\/vaku-dsgn.pl\/blog\/wp-content\/uploads\/2016\/11\/F1.jpg 1440w, https:\/\/vaku-dsgn.pl\/blog\/wp-content\/uploads\/2016\/11\/F1-300x225.jpg 300w, https:\/\/vaku-dsgn.pl\/blog\/wp-content\/uploads\/2016\/11\/F1-768x576.jpg 768w, https:\/\/vaku-dsgn.pl\/blog\/wp-content\/uploads\/2016\/11\/F1-1024x768.jpg 1024w, https:\/\/vaku-dsgn.pl\/blog\/wp-content\/uploads\/2016\/11\/F1-973x730.jpg 973w, https:\/\/vaku-dsgn.pl\/blog\/wp-content\/uploads\/2016\/11\/F1-508x381.jpg 508w\" sizes=\"(max-width: 1440px) 100vw, 1440px\" \/><\/a><\/p>\n<p style=\"text-align: justify;\">Trzeba pami\u0119ta\u0107, \u017ce kolor \u017c\u00f3\u0142ty\u00a0nawet w bardziej stonowanych odcieniach ci\u0119\u017cko przeoczy\u0107. Umiej\u0119tne zastosowanie tej barwy we wn\u0119trzach, np. jako element dekoracyjny w postaci poduszek czy stolika nocnego pomo\u017ce ustrzec si\u0119\u00a0przed przejaskrawieniem pomieszczenia.<\/p>\n<p style=\"text-align: justify;\"><a  href=\"http:\/\/www.vaku-dsgn.pl\/blog\/wp-content\/uploads\/2016\/11\/30801.jpg\" data-rel=\"lightbox-gallery-0\" data-rl_title=\"\" data-rl_caption=\"\"><img loading=\"lazy\" class=\"aligncenter wp-image-1087 size-full\" title=\"\" src=\"http:\/\/www.vaku-dsgn.pl\/blog\/wp-content\/uploads\/2016\/11\/30801.jpg\" alt=\"szary i \u017c\u00f3\u0142ty we wn\u0119trzach\" width=\"1440\" height=\"1080\" srcset=\"https:\/\/vaku-dsgn.pl\/blog\/wp-content\/uploads\/2016\/11\/30801.jpg 1440w, https:\/\/vaku-dsgn.pl\/blog\/wp-content\/uploads\/2016\/11\/30801-300x225.jpg 300w, https:\/\/vaku-dsgn.pl\/blog\/wp-content\/uploads\/2016\/11\/30801-768x576.jpg 768w, https:\/\/vaku-dsgn.pl\/blog\/wp-content\/uploads\/2016\/11\/30801-1024x768.jpg 1024w, https:\/\/vaku-dsgn.pl\/blog\/wp-content\/uploads\/2016\/11\/30801-973x730.jpg 973w, https:\/\/vaku-dsgn.pl\/blog\/wp-content\/uploads\/2016\/11\/30801-508x381.jpg 508w\" sizes=\"(max-width: 1440px) 100vw, 1440px\" \/><\/a><\/p>\n<p style=\"text-align: justify;\"><a  href=\"http:\/\/www.vaku-dsgn.pl\/blog\/wp-content\/uploads\/2016\/11\/F2.jpg\" data-rel=\"lightbox-gallery-0\" data-rl_title=\"\" data-rl_caption=\"\"><img loading=\"lazy\" class=\"aligncenter wp-image-1089 size-full\" title=\"\" src=\"http:\/\/www.vaku-dsgn.pl\/blog\/wp-content\/uploads\/2016\/11\/F2.jpg\" alt=\"szary i \u017c\u00f3\u0142ty we wn\u0119trzach\" width=\"1440\" height=\"1080\" srcset=\"https:\/\/vaku-dsgn.pl\/blog\/wp-content\/uploads\/2016\/11\/F2.jpg 1440w, https:\/\/vaku-dsgn.pl\/blog\/wp-content\/uploads\/2016\/11\/F2-300x225.jpg 300w, https:\/\/vaku-dsgn.pl\/blog\/wp-content\/uploads\/2016\/11\/F2-768x576.jpg 768w, https:\/\/vaku-dsgn.pl\/blog\/wp-content\/uploads\/2016\/11\/F2-1024x768.jpg 1024w, https:\/\/vaku-dsgn.pl\/blog\/wp-content\/uploads\/2016\/11\/F2-973x730.jpg 973w, https:\/\/vaku-dsgn.pl\/blog\/wp-content\/uploads\/2016\/11\/F2-508x381.jpg 508w\" sizes=\"(max-width: 1440px) 100vw, 1440px\" \/><\/a><\/p>\n<p style=\"text-align: justify;\">Szaro\u015bci kr\u00f3luj\u0105 obecnie w\u015br\u00f3d wn\u0119trzarskich trend\u00f3w. Szare kanapy, \u015bciany czy dodatki podsyca dodatkowo moda na styl skandynawski. W po\u0142\u0105czeniu z \u017c\u00f3\u0142ciami kolor szary nabiera zupe\u0142nie nowego charakteru. Tworzy nowoczesn\u0105 kompozycj\u0119, kt\u00f3ra nie jest\u00a0szablonowa i opatrzona.<\/p>\n<p style=\"text-align: justify;\"><a  href=\"http:\/\/www.vaku-dsgn.pl\/blog\/wp-content\/uploads\/2016\/11\/44401.jpg\" data-rel=\"lightbox-gallery-0\" data-rl_title=\"\" data-rl_caption=\"\"><img loading=\"lazy\" class=\"aligncenter wp-image-1090 size-full\" title=\"\" src=\"http:\/\/www.vaku-dsgn.pl\/blog\/wp-content\/uploads\/2016\/11\/44401.jpg\" alt=\"szary i \u017c\u00f3\u0142ty we wn\u0119trzach\" width=\"1440\" height=\"1080\" srcset=\"https:\/\/vaku-dsgn.pl\/blog\/wp-content\/uploads\/2016\/11\/44401.jpg 1440w, https:\/\/vaku-dsgn.pl\/blog\/wp-content\/uploads\/2016\/11\/44401-300x225.jpg 300w, https:\/\/vaku-dsgn.pl\/blog\/wp-content\/uploads\/2016\/11\/44401-768x576.jpg 768w, https:\/\/vaku-dsgn.pl\/blog\/wp-content\/uploads\/2016\/11\/44401-1024x768.jpg 1024w, https:\/\/vaku-dsgn.pl\/blog\/wp-content\/uploads\/2016\/11\/44401-973x730.jpg 973w, https:\/\/vaku-dsgn.pl\/blog\/wp-content\/uploads\/2016\/11\/44401-508x381.jpg 508w\" sizes=\"(max-width: 1440px) 100vw, 1440px\" \/><\/a><\/p>\n<p style=\"text-align: justify;\"><a  href=\"http:\/\/www.vaku-dsgn.pl\/blog\/wp-content\/uploads\/2016\/11\/F4.jpg\" data-rel=\"lightbox-gallery-0\" data-rl_title=\"\" data-rl_caption=\"\"><img loading=\"lazy\" class=\"aligncenter wp-image-1091 size-full\" title=\"\" src=\"http:\/\/www.vaku-dsgn.pl\/blog\/wp-content\/uploads\/2016\/11\/F4.jpg\" alt=\"szary i \u017c\u00f3\u0142ty we wn\u0119trzach\" width=\"1440\" height=\"1080\" srcset=\"https:\/\/vaku-dsgn.pl\/blog\/wp-content\/uploads\/2016\/11\/F4.jpg 1440w, https:\/\/vaku-dsgn.pl\/blog\/wp-content\/uploads\/2016\/11\/F4-300x225.jpg 300w, https:\/\/vaku-dsgn.pl\/blog\/wp-content\/uploads\/2016\/11\/F4-768x576.jpg 768w, https:\/\/vaku-dsgn.pl\/blog\/wp-content\/uploads\/2016\/11\/F4-1024x768.jpg 1024w, https:\/\/vaku-dsgn.pl\/blog\/wp-content\/uploads\/2016\/11\/F4-973x730.jpg 973w, https:\/\/vaku-dsgn.pl\/blog\/wp-content\/uploads\/2016\/11\/F4-508x381.jpg 508w\" sizes=\"(max-width: 1440px) 100vw, 1440px\" \/><\/a><\/p>\n<p style=\"text-align: justify;\">Wed\u0142ug psycholog\u00f3w obydwie barwy wp\u0142ywaj\u0105 pozytywnie na nasze samopoczucie. \u017b\u00f3\u0142ty stymuluje do dzia\u0142ania. Kojarzy si\u0119 z optymizmem i tw\u00f3rczo\u015bci\u0105. Szaro\u015bci wzbudzaj\u0105 poczucie spokoju i r\u00f3wnowagi. W po\u0142\u0105czeniu ze sob\u0105 tworz\u0105 balans, dzi\u0119ki kt\u00f3remu r\u00f3wnowa\u017cymy w\u0142asne emocje.<\/p>\n<p style=\"text-align: justify;\"><a  href=\"http:\/\/www.vaku-dsgn.pl\/blog\/wp-content\/uploads\/2016\/11\/34001.jpg\" data-rel=\"lightbox-gallery-0\" data-rl_title=\"\" data-rl_caption=\"\"><img loading=\"lazy\" class=\"aligncenter wp-image-1092 size-full\" title=\"\" src=\"http:\/\/www.vaku-dsgn.pl\/blog\/wp-content\/uploads\/2016\/11\/34001.jpg\" alt=\"szary i \u017c\u00f3\u0142ty we wn\u0119trzach\" width=\"1440\" height=\"1080\" srcset=\"https:\/\/vaku-dsgn.pl\/blog\/wp-content\/uploads\/2016\/11\/34001.jpg 1440w, https:\/\/vaku-dsgn.pl\/blog\/wp-content\/uploads\/2016\/11\/34001-300x225.jpg 300w, https:\/\/vaku-dsgn.pl\/blog\/wp-content\/uploads\/2016\/11\/34001-768x576.jpg 768w, https:\/\/vaku-dsgn.pl\/blog\/wp-content\/uploads\/2016\/11\/34001-1024x768.jpg 1024w, https:\/\/vaku-dsgn.pl\/blog\/wp-content\/uploads\/2016\/11\/34001-973x730.jpg 973w, https:\/\/vaku-dsgn.pl\/blog\/wp-content\/uploads\/2016\/11\/34001-508x381.jpg 508w\" sizes=\"(max-width: 1440px) 100vw, 1440px\" \/><\/a><\/p>\n<p style=\"text-align: justify;\"><a  href=\"http:\/\/www.vaku-dsgn.pl\/blog\/wp-content\/uploads\/2016\/11\/F3.jpg\" data-rel=\"lightbox-gallery-0\" data-rl_title=\"\" data-rl_caption=\"\"><img loading=\"lazy\" class=\"aligncenter wp-image-1093 size-full\" title=\"\" src=\"http:\/\/www.vaku-dsgn.pl\/blog\/wp-content\/uploads\/2016\/11\/F3.jpg\" alt=\"szary i \u017c\u00f3\u0142ty we wn\u0119trzach\" width=\"1440\" height=\"1080\" srcset=\"https:\/\/vaku-dsgn.pl\/blog\/wp-content\/uploads\/2016\/11\/F3.jpg 1440w, https:\/\/vaku-dsgn.pl\/blog\/wp-content\/uploads\/2016\/11\/F3-300x225.jpg 300w, https:\/\/vaku-dsgn.pl\/blog\/wp-content\/uploads\/2016\/11\/F3-768x576.jpg 768w, https:\/\/vaku-dsgn.pl\/blog\/wp-content\/uploads\/2016\/11\/F3-1024x768.jpg 1024w, https:\/\/vaku-dsgn.pl\/blog\/wp-content\/uploads\/2016\/11\/F3-973x730.jpg 973w, https:\/\/vaku-dsgn.pl\/blog\/wp-content\/uploads\/2016\/11\/F3-508x381.jpg 508w\" sizes=\"(max-width: 1440px) 100vw, 1440px\" \/><\/a><\/p>\n<p style=\"text-align: justify;\">A co Wy uwa\u017cacie o tym po\u0142\u0105czeniu kolorystycznym? Z niecierpliwo\u015bci\u0105 czekamy na Wasze opinie w komentarzach.<\/p>\n","protected":false},"excerpt":{"rendered":"<p>\u017b\u00f3\u0142ty i szary &#8211; przed Wami wyj\u0105tkowo zgrany duet kolorystyczny. To najgor\u0119tszy wn\u0119trzarski trend, kt\u00f3ry zachwyca swoj\u0105 kontrastowo\u015bci\u0105.\u00a0Tandem dopasowany do siebie w stu procentach. Jedna cz\u0119\u015b\u0107 o\u017cywia i&#8230;<\/p>\n","protected":false},"author":1,"featured_media":2897,"comment_status":"open","ping_status":"open","sticky":false,"template":"","format":"standard","meta":{"jetpack_publicize_message":"","jetpack_is_tweetstorm":false,"jetpack_publicize_feature_enabled":true},"categories":[761],"tags":[40,37,10,58,99,26,27,8,35,34,22,61,60,232,230,19,9,55,56,233,231],"jetpack_publicize_connections":[],"yoast_head":"<!-- This site is optimized with the Yoast SEO plugin v19.6 - https:\/\/yoast.com\/wordpress\/plugins\/seo\/ -->\n<title>Szary i \u017c\u00f3\u0142ty - zgrany duet, kt\u00f3ry o\u017cywi ka\u017cde wn\u0119trze! - Blog wn\u0119trzarski | VAKU-DSGN<\/title>\n<meta name=\"robots\" content=\"index, follow, max-snippet:-1, max-image-preview:large, max-video-preview:-1\" \/>\n<link rel=\"canonical\" href=\"https:\/\/vaku-dsgn.pl\/blog\/szary-i-zolty-zgrany-duet-ktory-ozywi-kazde-wnetrze\/\" \/>\n<meta property=\"og:locale\" content=\"pl_PL\" \/>\n<meta property=\"og:type\" content=\"article\" \/>\n<meta property=\"og:title\" content=\"Szary i \u017c\u00f3\u0142ty - zgrany duet, kt\u00f3ry o\u017cywi ka\u017cde wn\u0119trze! - Blog wn\u0119trzarski | VAKU-DSGN\" \/>\n<meta property=\"og:description\" content=\"\u017b\u00f3\u0142ty i szary &#8211; przed Wami wyj\u0105tkowo zgrany duet kolorystyczny. To najgor\u0119tszy wn\u0119trzarski trend, kt\u00f3ry zachwyca swoj\u0105 kontrastowo\u015bci\u0105.\u00a0Tandem dopasowany do siebie w stu procentach. Jedna cz\u0119\u015b\u0107 o\u017cywia i...\" \/>\n<meta property=\"og:url\" content=\"https:\/\/vaku-dsgn.pl\/blog\/szary-i-zolty-zgrany-duet-ktory-ozywi-kazde-wnetrze\/\" \/>\n<meta property=\"og:site_name\" content=\"Blog wn\u0119trzarski | VAKU-DSGN\" \/>\n<meta property=\"article:published_time\" content=\"2016-11-24T12:03:08+00:00\" \/>\n<meta property=\"article:modified_time\" content=\"2018-08-20T12:30:37+00:00\" \/>\n<meta property=\"og:image\" content=\"https:\/\/vaku-dsgn.pl\/blog\/wp-content\/uploads\/2016\/11\/trendy-2018-34.png\" \/>\n\t<meta property=\"og:image:width\" content=\"940\" \/>\n\t<meta property=\"og:image:height\" content=\"788\" \/>\n\t<meta property=\"og:image:type\" content=\"image\/png\" \/>\n<meta name=\"author\" content=\"vaku-dsgn\" \/>\n<meta name=\"twitter:card\" content=\"summary_large_image\" \/>\n<meta name=\"twitter:label1\" content=\"Napisane przez\" \/>\n\t<meta name=\"twitter:data1\" content=\"vaku-dsgn\" \/>\n\t<meta name=\"twitter:label2\" content=\"Szacowany czas czytania\" \/>\n\t<meta name=\"twitter:data2\" content=\"1 minuta\" \/>\n<script type=\"application\/ld+json\" class=\"yoast-schema-graph\">{\"@context\":\"https:\/\/schema.org\",\"@graph\":[{\"@type\":\"WebPage\",\"@id\":\"https:\/\/vaku-dsgn.pl\/blog\/szary-i-zolty-zgrany-duet-ktory-ozywi-kazde-wnetrze\/\",\"url\":\"https:\/\/vaku-dsgn.pl\/blog\/szary-i-zolty-zgrany-duet-ktory-ozywi-kazde-wnetrze\/\",\"name\":\"Szary i \u017c\u00f3\u0142ty - zgrany duet, kt\u00f3ry o\u017cywi ka\u017cde wn\u0119trze! - Blog wn\u0119trzarski | VAKU-DSGN\",\"isPartOf\":{\"@id\":\"https:\/\/vaku-dsgn.pl\/blog\/#website\"},\"datePublished\":\"2016-11-24T12:03:08+00:00\",\"dateModified\":\"2018-08-20T12:30:37+00:00\",\"author\":{\"@id\":\"https:\/\/vaku-dsgn.pl\/blog\/#\/schema\/person\/7e526591f045b0b95af3cd3b4ebd86d4\"},\"breadcrumb\":{\"@id\":\"https:\/\/vaku-dsgn.pl\/blog\/szary-i-zolty-zgrany-duet-ktory-ozywi-kazde-wnetrze\/#breadcrumb\"},\"inLanguage\":\"pl-PL\",\"potentialAction\":[{\"@type\":\"ReadAction\",\"target\":[\"https:\/\/vaku-dsgn.pl\/blog\/szary-i-zolty-zgrany-duet-ktory-ozywi-kazde-wnetrze\/\"]}]},{\"@type\":\"BreadcrumbList\",\"@id\":\"https:\/\/vaku-dsgn.pl\/blog\/szary-i-zolty-zgrany-duet-ktory-ozywi-kazde-wnetrze\/#breadcrumb\",\"itemListElement\":[{\"@type\":\"ListItem\",\"position\":1,\"name\":\"Strona g\u0142\u00f3wna\",\"item\":\"https:\/\/vaku-dsgn.pl\/blog\/\"},{\"@type\":\"ListItem\",\"position\":2,\"name\":\"Szary i \u017c\u00f3\u0142ty &#8211; zgrany duet, kt\u00f3ry o\u017cywi ka\u017cde wn\u0119trze!\"}]},{\"@type\":\"WebSite\",\"@id\":\"https:\/\/vaku-dsgn.pl\/blog\/#website\",\"url\":\"https:\/\/vaku-dsgn.pl\/blog\/\",\"name\":\"Blog wn\u0119trzarski | VAKU-DSGN\",\"description\":\"Wystr\u00f3j wn\u0119trz, design, inspiracje, DIY\",\"potentialAction\":[{\"@type\":\"SearchAction\",\"target\":{\"@type\":\"EntryPoint\",\"urlTemplate\":\"https:\/\/vaku-dsgn.pl\/blog\/?s={search_term_string}\"},\"query-input\":\"required name=search_term_string\"}],\"inLanguage\":\"pl-PL\"},{\"@type\":\"Person\",\"@id\":\"https:\/\/vaku-dsgn.pl\/blog\/#\/schema\/person\/7e526591f045b0b95af3cd3b4ebd86d4\",\"name\":\"vaku-dsgn\",\"image\":{\"@type\":\"ImageObject\",\"inLanguage\":\"pl-PL\",\"@id\":\"https:\/\/vaku-dsgn.pl\/blog\/#\/schema\/person\/image\/\",\"url\":\"https:\/\/secure.gravatar.com\/avatar\/5fba4d62872d676344a239bcb19c1f51?s=96&d=mm&r=g\",\"contentUrl\":\"https:\/\/secure.gravatar.com\/avatar\/5fba4d62872d676344a239bcb19c1f51?s=96&d=mm&r=g\",\"caption\":\"vaku-dsgn\"},\"sameAs\":[\"http:\/\/www.vaku-dsgn.pl\"],\"url\":\"https:\/\/vaku-dsgn.pl\/blog\/author\/vaku-dsgn\/\"}]}<\/script>\n<!-- \/ Yoast SEO plugin. -->","yoast_head_json":{"title":"Szary i \u017c\u00f3\u0142ty - zgrany duet, kt\u00f3ry o\u017cywi ka\u017cde wn\u0119trze! - Blog wn\u0119trzarski | VAKU-DSGN","robots":{"index":"index","follow":"follow","max-snippet":"max-snippet:-1","max-image-preview":"max-image-preview:large","max-video-preview":"max-video-preview:-1"},"canonical":"https:\/\/vaku-dsgn.pl\/blog\/szary-i-zolty-zgrany-duet-ktory-ozywi-kazde-wnetrze\/","og_locale":"pl_PL","og_type":"article","og_title":"Szary i \u017c\u00f3\u0142ty - zgrany duet, kt\u00f3ry o\u017cywi ka\u017cde wn\u0119trze! - Blog wn\u0119trzarski | VAKU-DSGN","og_description":"\u017b\u00f3\u0142ty i szary &#8211; przed Wami wyj\u0105tkowo zgrany duet kolorystyczny. To najgor\u0119tszy wn\u0119trzarski trend, kt\u00f3ry zachwyca swoj\u0105 kontrastowo\u015bci\u0105.\u00a0Tandem dopasowany do siebie w stu procentach. Jedna cz\u0119\u015b\u0107 o\u017cywia i...","og_url":"https:\/\/vaku-dsgn.pl\/blog\/szary-i-zolty-zgrany-duet-ktory-ozywi-kazde-wnetrze\/","og_site_name":"Blog wn\u0119trzarski | VAKU-DSGN","article_published_time":"2016-11-24T12:03:08+00:00","article_modified_time":"2018-08-20T12:30:37+00:00","og_image":[{"width":940,"height":788,"url":"https:\/\/vaku-dsgn.pl\/blog\/wp-content\/uploads\/2016\/11\/trendy-2018-34.png","type":"image\/png"}],"author":"vaku-dsgn","twitter_card":"summary_large_image","twitter_misc":{"Napisane przez":"vaku-dsgn","Szacowany czas czytania":"1 minuta"},"schema":{"@context":"https:\/\/schema.org","@graph":[{"@type":"WebPage","@id":"https:\/\/vaku-dsgn.pl\/blog\/szary-i-zolty-zgrany-duet-ktory-ozywi-kazde-wnetrze\/","url":"https:\/\/vaku-dsgn.pl\/blog\/szary-i-zolty-zgrany-duet-ktory-ozywi-kazde-wnetrze\/","name":"Szary i \u017c\u00f3\u0142ty - zgrany duet, kt\u00f3ry o\u017cywi ka\u017cde wn\u0119trze! - Blog wn\u0119trzarski | VAKU-DSGN","isPartOf":{"@id":"https:\/\/vaku-dsgn.pl\/blog\/#website"},"datePublished":"2016-11-24T12:03:08+00:00","dateModified":"2018-08-20T12:30:37+00:00","author":{"@id":"https:\/\/vaku-dsgn.pl\/blog\/#\/schema\/person\/7e526591f045b0b95af3cd3b4ebd86d4"},"breadcrumb":{"@id":"https:\/\/vaku-dsgn.pl\/blog\/szary-i-zolty-zgrany-duet-ktory-ozywi-kazde-wnetrze\/#breadcrumb"},"inLanguage":"pl-PL","potentialAction":[{"@type":"ReadAction","target":["https:\/\/vaku-dsgn.pl\/blog\/szary-i-zolty-zgrany-duet-ktory-ozywi-kazde-wnetrze\/"]}]},{"@type":"BreadcrumbList","@id":"https:\/\/vaku-dsgn.pl\/blog\/szary-i-zolty-zgrany-duet-ktory-ozywi-kazde-wnetrze\/#breadcrumb","itemListElement":[{"@type":"ListItem","position":1,"name":"Strona g\u0142\u00f3wna","item":"https:\/\/vaku-dsgn.pl\/blog\/"},{"@type":"ListItem","position":2,"name":"Szary i \u017c\u00f3\u0142ty &#8211; zgrany duet, kt\u00f3ry o\u017cywi ka\u017cde wn\u0119trze!"}]},{"@type":"WebSite","@id":"https:\/\/vaku-dsgn.pl\/blog\/#website","url":"https:\/\/vaku-dsgn.pl\/blog\/","name":"Blog wn\u0119trzarski | VAKU-DSGN","description":"Wystr\u00f3j wn\u0119trz, design, inspiracje, DIY","potentialAction":[{"@type":"SearchAction","target":{"@type":"EntryPoint","urlTemplate":"https:\/\/vaku-dsgn.pl\/blog\/?s={search_term_string}"},"query-input":"required name=search_term_string"}],"inLanguage":"pl-PL"},{"@type":"Person","@id":"https:\/\/vaku-dsgn.pl\/blog\/#\/schema\/person\/7e526591f045b0b95af3cd3b4ebd86d4","name":"vaku-dsgn","image":{"@type":"ImageObject","inLanguage":"pl-PL","@id":"https:\/\/vaku-dsgn.pl\/blog\/#\/schema\/person\/image\/","url":"https:\/\/secure.gravatar.com\/avatar\/5fba4d62872d676344a239bcb19c1f51?s=96&d=mm&r=g","contentUrl":"https:\/\/secure.gravatar.com\/avatar\/5fba4d62872d676344a239bcb19c1f51?s=96&d=mm&r=g","caption":"vaku-dsgn"},"sameAs":["http:\/\/www.vaku-dsgn.pl"],"url":"https:\/\/vaku-dsgn.pl\/blog\/author\/vaku-dsgn\/"}]}},"jetpack_featured_media_url":"https:\/\/vaku-dsgn.pl\/blog\/wp-content\/uploads\/2016\/11\/trendy-2018-34.png","jetpack_sharing_enabled":true,"jetpack_shortlink":"https:\/\/wp.me\/p82XUN-hv","_links":{"self":[{"href":"https:\/\/vaku-dsgn.pl\/blog\/wp-json\/wp\/v2\/posts\/1085"}],"collection":[{"href":"https:\/\/vaku-dsgn.pl\/blog\/wp-json\/wp\/v2\/posts"}],"about":[{"href":"https:\/\/vaku-dsgn.pl\/blog\/wp-json\/wp\/v2\/types\/post"}],"author":[{"embeddable":true,"href":"https:\/\/vaku-dsgn.pl\/blog\/wp-json\/wp\/v2\/users\/1"}],"replies":[{"embeddable":true,"href":"https:\/\/vaku-dsgn.pl\/blog\/wp-json\/wp\/v2\/comments?post=1085"}],"version-history":[{"count":13,"href":"https:\/\/vaku-dsgn.pl\/blog\/wp-json\/wp\/v2\/posts\/1085\/revisions"}],"predecessor-version":[{"id":1113,"href":"https:\/\/vaku-dsgn.pl\/blog\/wp-json\/wp\/v2\/posts\/1085\/revisions\/1113"}],"wp:featuredmedia":[{"embeddable":true,"href":"https:\/\/vaku-dsgn.pl\/blog\/wp-json\/wp\/v2\/media\/2897"}],"wp:attachment":[{"href":"https:\/\/vaku-dsgn.pl\/blog\/wp-json\/wp\/v2\/media?parent=1085"}],"wp:term":[{"taxonomy":"category","embeddable":true,"href":"https:\/\/vaku-dsgn.pl\/blog\/wp-json\/wp\/v2\/categories?post=1085"},{"taxonomy":"post_tag","embeddable":true,"href":"https:\/\/vaku-dsgn.pl\/blog\/wp-json\/wp\/v2\/tags?post=1085"}],"curies":[{"name":"wp","href":"https:\/\/api.w.org\/{rel}","templated":true}]}}